{"id":1475,"date":"2016-04-12T16:55:16","date_gmt":"2016-04-12T19:55:16","guid":{"rendered":"https:\/\/blogs.correiobraziliense.com.br\/servidor\/?p=1475"},"modified":"2016-04-12T16:59:19","modified_gmt":"2016-04-12T19:59:19","slug":"servidores-e-centrais-sindicais-decidem-estrategias-da-paralisacao-nacional-de-13-e-14-de-abril","status":"publish","type":"post","link":"https:\/\/blogs.correiobraziliense.com.br\/servidor\/servidores-e-centrais-sindicais-decidem-estrategias-da-paralisacao-nacional-de-13-e-14-de-abril\/","title":{"rendered":"SERVIDORES E CENTRAIS SINDICAIS DECIDEM ESTRAT\u00c9GIAS DA PARALISA\u00c7\u00c3O NACIONAL DE 13 E 14 DE ABRIL"},"content":{"rendered":"<p>Representantes de federa\u00e7\u00f5es e confedera\u00e7\u00f5es de servidores p\u00fablicos das tr\u00eas esferas (federais, estaduais e municipais) e de oito centrais sindicais (CUT, CTB, Nova Central, For\u00e7a Sindical, UGT, CSP\/Conlutas, CGTB e P\u00fablica) est\u00e3o reunidos, neste momento, para discutir as estrat\u00e9gias da paralisa\u00e7\u00e3o nacional do funcionalismo civil e militar amanh\u00e3 e na quinta-feira. O encontro acontece na sede nacional da CUT, em Bras\u00edlia, no Setor Banc\u00e1rio Sul (SCS Quadra 01, Bloco I). Os protestos s\u00e3o contra o Projeto (PLP 257\/2016) que refinancia as d\u00edvidas de Estados e munic\u00edpios. Os servidores entendem que o documento retira direitos de milhares de trabalhadores, al\u00e9m de interromper a pol\u00edtica de valoriza\u00e7\u00e3o do sal\u00e1rio m\u00ednimo.<\/p>\n<p>Amanh\u00e3, al\u00e9m dos atos unificados nos estados, no Distrito Federal, \u00e0s 15 horas, os servidores se concentram em frente ao Minist\u00e9rio da Fazenda e marchar\u00e3o at\u00e9 o Congresso Nacional, \u00e0s 17 horas. Na quinta, paralisa\u00e7\u00f5es totais em todo o pa\u00eds. Em Bras\u00edlia, a concentra\u00e7\u00e3o no audit\u00f3rio Nereu Ramos, na C\u00e2mara dos Deputados, \u00e0s 9 horas; \u00e0s 10 horas, lan\u00e7amento da Frente Parlamentar em Defesa dos Servi\u00e7os P\u00fablicos. De acordo com os servidores, o Projeto de Lei prev\u00ea a obriga\u00e7\u00e3o do Estado de cortar, durante dois anos, v\u00e1rios direitos, dentre eles:<\/p>\n<p>1) aumenta a contribui\u00e7\u00e3o previdenci\u00e1ria de 11% para 14%;<br \/>\n2) pro\u00edbe aumento de sal\u00e1rio, inclusive de aposentados;<br \/>\n3) pro\u00edbe progress\u00e3o na carreira;<br \/>\n4) pro\u00edbe concurso p\u00fablico e pro\u00edbe, tamb\u00e9m, chamar os j\u00e1 aprovados;<br \/>\n5) incentivo \u00e0 demiss\u00e3o volunt\u00e1ria;<br \/>\n6) limita os direitos dos servidores estaduais a, no m\u00e1ximo, o que tem o servidor federal no Regime Jur\u00eddico \u00danico;<br \/>\n7) acaba com os quinqu\u00eanios e anu\u00eanios;<br \/>\n8) acaba com a licen\u00e7a pr\u00eamio;<br \/>\n9) pro\u00edbe receber em dinheiro as f\u00e9rias e as licen\u00e7as n\u00e3o gozadas.<br \/>\n10) contrata\u00e7\u00e3o s\u00f3 de terceirizados, etc.<\/p>\n","protected":false},"excerpt":{"rendered":"<p>Representantes de federa\u00e7\u00f5es e confedera\u00e7\u00f5es de servidores p\u00fablicos das tr\u00eas esferas (federais, estaduais e municipais) e de oito centrais sindicais (CUT, CTB, Nova Central, For\u00e7a Sindical, UGT, CSP\/Conlutas, CGTB e P\u00fablica) est\u00e3o reunidos, neste momento, para discutir as estrat\u00e9gias da paralisa\u00e7\u00e3o nacional do funcionalismo civil e militar amanh\u00e3 e na quinta-feira. O encontro acontece na sede nacional da CUT, em [&hellip;]<\/p>\n","protected":false},"author":27,"featured_media":0,"comment_status":"open","ping_status":"closed","sticky":false,"template":"","format":"standard","meta":{"footnotes":""},"categories":[1],"tags":[1545,1259,1687,1689,1688,59,1690,70,506,1562,58,1260],"class_list":["post-1475","post","type-post","status-publish","format-standard","hentry","category-sem-categoria","tag-abril","tag-centrais","tag-decidem","tag-estaduais","tag-estrategias","tag-federais","tag-municipais","tag-nacional","tag-paralisacao","tag-plp-2572016","tag-servidores","tag-sindicais"],"_links":{"self":[{"href":"https:\/\/blogs.correiobraziliense.com.br\/servidor\/wp-json\/wp\/v2\/posts\/1475","targetHints":{"allow":["GET"]}}],"collection":[{"href":"https:\/\/blogs.correiobraziliense.com.br\/servidor\/wp-json\/wp\/v2\/posts"}],"about":[{"href":"https:\/\/blogs.correiobraziliense.com.br\/servidor\/wp-json\/wp\/v2\/types\/post"}],"author":[{"embeddable":true,"href":"https:\/\/blogs.correiobraziliense.com.br\/servidor\/wp-json\/wp\/v2\/users\/27"}],"replies":[{"embeddable":true,"href":"https:\/\/blogs.correiobraziliense.com.br\/servidor\/wp-json\/wp\/v2\/comments?post=1475"}],"version-history":[{"count":2,"href":"https:\/\/blogs.correiobraziliense.com.br\/servidor\/wp-json\/wp\/v2\/posts\/1475\/revisions"}],"predecessor-version":[{"id":1477,"href":"https:\/\/blogs.correiobraziliense.com.br\/servidor\/wp-json\/wp\/v2\/posts\/1475\/revisions\/1477"}],"wp:attachment":[{"href":"https:\/\/blogs.correiobraziliense.com.br\/servidor\/wp-json\/wp\/v2\/media?parent=1475"}],"wp:term":[{"taxonomy":"category","embeddable":true,"href":"https:\/\/blogs.correiobraziliense.com.br\/servidor\/wp-json\/wp\/v2\/categories?post=1475"},{"taxonomy":"post_tag","embeddable":true,"href":"https:\/\/blogs.correiobraziliense.com.br\/servidor\/wp-json\/wp\/v2\/tags?post=1475"}],"curies":[{"name":"wp","href":"https:\/\/api.w.org\/{rel}","templated":true}]}}