{"id":14735,"date":"2019-12-19T17:42:33","date_gmt":"2019-12-19T20:42:33","guid":{"rendered":"https:\/\/blogs.correiobraziliense.com.br\/servidor\/?p=14735"},"modified":"2019-12-19T17:42:33","modified_gmt":"2019-12-19T20:42:33","slug":"consumidores-comecam-a-ser-notificados-sobre-abertura-do-cadastro-positivo","status":"publish","type":"post","link":"https:\/\/blogs.correiobraziliense.com.br\/servidor\/consumidores-comecam-a-ser-notificados-sobre-abertura-do-cadastro-positivo\/","title":{"rendered":"Consumidores come\u00e7am a ser notificados sobre abertura do Cadastro Positivo"},"content":{"rendered":"<p><em>120 milh\u00f5es pessoas devem receber o comunicado nesta fase. Muitos t\u00eam recebido e-mail, SMS ou correspond\u00eancia f\u00edsica com informa\u00e7\u00f5es sobre a inclus\u00e3o autom\u00e1tica de seus dados. Assim como em outros pa\u00edses, iniciativa deve expandir e baratear cr\u00e9dito, de acordo com o SPC Brasil. Veja o modelo:<\/em><\/p>\n<p><img loading=\"lazy\" decoding=\"async\" class=\"size-full wp-image-14736 aligncenter\" src=\"https:\/\/blogs.correiobraziliense.com.br\/servidor\/wp-content\/uploads\/sites\/10\/2019\/12\/cadastro-positivo.png\" alt=\"\" width=\"715\" height=\"733\" srcset=\"https:\/\/blogs.correiobraziliense.com.br\/servidor\/wp-content\/uploads\/sites\/10\/2019\/12\/cadastro-positivo.png 715w, https:\/\/blogs.correiobraziliense.com.br\/servidor\/wp-content\/uploads\/sites\/10\/2019\/12\/cadastro-positivo-293x300.png 293w, https:\/\/blogs.correiobraziliense.com.br\/servidor\/wp-content\/uploads\/sites\/10\/2019\/12\/cadastro-positivo-341x350.png 341w, https:\/\/blogs.correiobraziliense.com.br\/servidor\/wp-content\/uploads\/sites\/10\/2019\/12\/cadastro-positivo-550x564.png 550w, https:\/\/blogs.correiobraziliense.com.br\/servidor\/wp-content\/uploads\/sites\/10\/2019\/12\/cadastro-positivo-230x236.png 230w\" sizes=\"auto, (max-width: 715px) 100vw, 715px\" \/><\/p>\n<p>O Cadastro Positivo, banco de dados que re\u00fane o hist\u00f3rico de pagamento dos consumidores e que tem o SPC Brasil (Servi\u00e7o de Prote\u00e7\u00e3o ao Cr\u00e9dito) como um dos seus gestores, j\u00e1 est\u00e1 em forma\u00e7\u00e3o. H\u00e1 algumas semanas, milh\u00f5es de consumidores brasileiros t\u00eam sido notificados individualmente sobre a abertura do seu cadastro autom\u00e1tico. A comunica\u00e7\u00e3o est\u00e1 sendo feita de tr\u00eas maneiras: e-mail, SMS ou correspond\u00eancia f\u00edsica.<\/p>\n<p>Neste primeiro momento, a comunica\u00e7\u00e3o est\u00e1 focada em consumidores com opera\u00e7\u00f5es de cr\u00e9dito nos cinco principais bancos do pa\u00eds e em outras 100 institui\u00e7\u00f5es financeiras. A expectativa \u00e9 de que ao final desta primeira etapa, aproximadamente 120 milh\u00f5es de consumidores passem a fazer parte do Cadastro Positivo. Esse n\u00famero ainda dever\u00e1 crescer pelos pr\u00f3ximos meses, pois empresas de telefonia, companhias de servi\u00e7os como \u00e1gua, luz e g\u00e1s e o setor varejista tamb\u00e9m dever\u00e3o compartilhar informa\u00e7\u00f5es de pagamento, o que far\u00e1 com que o Cadastro Positivo agregue a popula\u00e7\u00e3o n\u00e3o bancarizada.<\/p>\n<p>Na notifica\u00e7\u00e3o, o consumidor recebe uma mensagem com direcionamento para o site www.brasilnopositivo.com.br, mantido pela ANBC (Associa\u00e7\u00e3o Nacional dos Bureaus de Cr\u00e9dito). A partir deste site, o consumidor poder\u00e1 acessar a p\u00e1gina do SPC Brasil (Servi\u00e7o de Prote\u00e7\u00e3o ao Cr\u00e9dito) para entender o funcionamento do Cadastro Positivo e acompanhar seu score de cr\u00e9dito (pontua\u00e7\u00e3o utilizada por credores para concess\u00e3o de cr\u00e9dito) ap\u00f3s preenchimento de login e senha.<\/p>\n<p>&#8220;O SPC Brasil esclarece que caso o consumidor fique em d\u00favida ao receber a comunica\u00e7\u00e3o por e-mail, SMS ou carta, ele deve entrar no site oficial do SPC Brasil https:\/\/www.spcbrasil.org.br\/cadastropositivo para obter mais informa\u00e7\u00f5es e acessar os seus dados com cadastro de login e senha. Fundamental esclarecer tamb\u00e9m que a comunica\u00e7\u00e3o de abertura do Cadastro em nada tem a ver com negativa\u00e7\u00e3o do CPF do consumidor ou cobran\u00e7a de d\u00edvidas&#8221;, informa a entidade.<\/p>\n","protected":false},"excerpt":{"rendered":"<p>120 milh\u00f5es pessoas devem receber o comunicado nesta fase. Muitos t\u00eam recebido e-mail, SMS ou correspond\u00eancia f\u00edsica com informa\u00e7\u00f5es sobre a inclus\u00e3o autom\u00e1tica de seus dados. Assim como em outros pa\u00edses, iniciativa deve expandir e baratear cr\u00e9dito, de acordo com o SPC Brasil. Veja o modelo: O Cadastro Positivo, banco de dados que re\u00fane o hist\u00f3rico de pagamento dos consumidores [&hellip;]<\/p>\n","protected":false},"author":27,"featured_media":0,"comment_status":"open","ping_status":"closed","sticky":false,"template":"","format":"standard","meta":{"footnotes":""},"categories":[2719],"tags":[4057,14886,4984,874,1913,167,6955,6277,8762,8518,2338],"class_list":["post-14735","post","type-post","status-publish","format-standard","hentry","category-servidor","tag-automatica","tag-cadastro-positivo","tag-comunicado","tag-consumidores","tag-correspondencia","tag-dados","tag-e-mail","tag-inclusao","tag-notificados","tag-sms","tag-spc-brasil"],"_links":{"self":[{"href":"https:\/\/blogs.correiobraziliense.com.br\/servidor\/wp-json\/wp\/v2\/posts\/14735","targetHints":{"allow":["GET"]}}],"collection":[{"href":"https:\/\/blogs.correiobraziliense.com.br\/servidor\/wp-json\/wp\/v2\/posts"}],"about":[{"href":"https:\/\/blogs.correiobraziliense.com.br\/servidor\/wp-json\/wp\/v2\/types\/post"}],"author":[{"embeddable":true,"href":"https:\/\/blogs.correiobraziliense.com.br\/servidor\/wp-json\/wp\/v2\/users\/27"}],"replies":[{"embeddable":true,"href":"https:\/\/blogs.correiobraziliense.com.br\/servidor\/wp-json\/wp\/v2\/comments?post=14735"}],"version-history":[{"count":1,"href":"https:\/\/blogs.correiobraziliense.com.br\/servidor\/wp-json\/wp\/v2\/posts\/14735\/revisions"}],"predecessor-version":[{"id":14737,"href":"https:\/\/blogs.correiobraziliense.com.br\/servidor\/wp-json\/wp\/v2\/posts\/14735\/revisions\/14737"}],"wp:attachment":[{"href":"https:\/\/blogs.correiobraziliense.com.br\/servidor\/wp-json\/wp\/v2\/media?parent=14735"}],"wp:term":[{"taxonomy":"category","embeddable":true,"href":"https:\/\/blogs.correiobraziliense.com.br\/servidor\/wp-json\/wp\/v2\/categories?post=14735"},{"taxonomy":"post_tag","embeddable":true,"href":"https:\/\/blogs.correiobraziliense.com.br\/servidor\/wp-json\/wp\/v2\/tags?post=14735"}],"curies":[{"name":"wp","href":"https:\/\/api.w.org\/{rel}","templated":true}]}}