{"id":14724,"date":"2019-12-19T13:08:39","date_gmt":"2019-12-19T16:08:39","guid":{"rendered":"https:\/\/blogs.correiobraziliense.com.br\/servidor\/?p=14724"},"modified":"2019-12-19T16:05:34","modified_gmt":"2019-12-19T19:05:34","slug":"bc-nao-pode-elevar-aliquota-previdenciaria-de-aposentados-esse-ano","status":"publish","type":"post","link":"https:\/\/blogs.correiobraziliense.com.br\/servidor\/bc-nao-pode-elevar-aliquota-previdenciaria-de-aposentados-esse-ano\/","title":{"rendered":"BC n\u00e3o pode elevar al\u00edquota previdenci\u00e1ria de aposentados esse ano"},"content":{"rendered":"<p><em>A autarquia dobrou, indevidamente, a contribui\u00e7\u00e3o previdenci\u00e1ria de aposentados e\u00a0pensionistas portadores de doen\u00e7a incapacitante, na folha de novembro\u00a0de 2019, a ser paga em dezembro. Com isso, feriu dispositivo da Constitui\u00e7\u00e3o que pro\u00edbe\u00a0Uni\u00e3o,\u00a0Estados, munic\u00edpios e Distrito Federal de \u00a0cobrar tributos, antes de 90 dias, ou at\u00e9 no mesmo ano em que foi foi publicada a lei (Emenda Constitucional 103\/2019, reforma da Previd\u00eancia), que altera antigas regras<\/em><\/p>\n<p>O juiz\u00a0Bruno Anderson Santos da Silva, substituto da 3\u00aa Vara Federal\/SJDF, determinou que o Banco central suspenda imediatamente a cobran\u00e7a da al\u00edquota de 11% (que passar\u00e1 para 14% a 22%) dos aposentados\u00a0e pensionistas portadores de\u00a0doen\u00e7a incapacitante. Antes da EC\u00a0103\/19, esse grupo de servidores tinha o desconto previdenci\u00e1rio sobre o valor que ultrapassasse o dobro do teto do regime geral (RGPS). Ou seja, o dobro de\u00a0R$ 5.839,45, o equivalente a R$ 11.678,90.<\/p>\n<p>A EC 103\/19, no entanto, revogou o artigo da Constitui\u00e7\u00e3o, para permitir que fosse feita cobran\u00e7a a partir do teto (R$ 5.839,45), mas somente a partir do ano que vem. O BC se antecipou e causou preju\u00edzo financeiro aos servidores. &#8220;Defiro a liminar para determinar a suspens\u00e3o imediata\u00a0da exigibilidade do cr\u00e9dito tribut\u00e1rio decorrente da revoga\u00e7\u00e3o do art. 40 \u00a7 21, da Constitui\u00e7\u00e3o\u00a0Federal pela EC n\u00ba 103\/19, por ainda n\u00e3o estar em vigor e passar\u00e1 a viger somente a partir do dia 01.04.2020&#8221;, destacou o magistrado.<\/p>\n<p>De acordo com a advogada Tha\u00eds Riedel, respons\u00e1vel pela a\u00e7\u00e3o a favor do Sindicato Nacional dos Funcion\u00e1rios do Banco Central (Sinal), &#8220;mesmo duplo teto tendo sido revogado, e a atual regulamenta\u00e7\u00e3o tenha mudado a base de c\u00e1lculo, o Banco Central teria que aguardar at\u00e9 o ano que vem&#8221;. Isso porque porque, inesperadamente, os profissionais foram surpreendidos com um significativo aumento\u00a0da Contribui\u00e7\u00e3o Previdenci\u00e1ria para o Plano de Seguridade do\u00a0Servidor (CPSS).<\/p>\n","protected":false},"excerpt":{"rendered":"<p>A autarquia dobrou, indevidamente, a contribui\u00e7\u00e3o previdenci\u00e1ria de aposentados e\u00a0pensionistas portadores de doen\u00e7a incapacitante, na folha de novembro\u00a0de 2019, a ser paga em dezembro. Com isso, feriu dispositivo da Constitui\u00e7\u00e3o que pro\u00edbe\u00a0Uni\u00e3o,\u00a0Estados, munic\u00edpios e Distrito Federal de \u00a0cobrar tributos, antes de 90 dias, ou at\u00e9 no mesmo ano em que foi foi publicada a lei (Emenda Constitucional 103\/2019, reforma da [&hellip;]<\/p>\n","protected":false},"author":27,"featured_media":0,"comment_status":"open","ping_status":"closed","sticky":false,"template":"","format":"standard","meta":{"footnotes":""},"categories":[2719],"tags":[4414,345,1236,1818,2584,16619,433,16618,943,4236,1341,11,944,346,132,590,58,330],"class_list":["post-14724","post","type-post","status-publish","format-standard","hentry","category-servidor","tag-aliquota","tag-aposentados","tag-banco-central","tag-bc","tag-constituicao","tag-cpss","tag-distrito-federal","tag-doenca-incapacitante","tag-estados","tag-folha-de-pagamento","tag-funcionarios","tag-inss","tag-municipios","tag-pensionistas","tag-previdenciaria","tag-rgps","tag-servidores","tag-uniao"],"_links":{"self":[{"href":"https:\/\/blogs.correiobraziliense.com.br\/servidor\/wp-json\/wp\/v2\/posts\/14724","targetHints":{"allow":["GET"]}}],"collection":[{"href":"https:\/\/blogs.correiobraziliense.com.br\/servidor\/wp-json\/wp\/v2\/posts"}],"about":[{"href":"https:\/\/blogs.correiobraziliense.com.br\/servidor\/wp-json\/wp\/v2\/types\/post"}],"author":[{"embeddable":true,"href":"https:\/\/blogs.correiobraziliense.com.br\/servidor\/wp-json\/wp\/v2\/users\/27"}],"replies":[{"embeddable":true,"href":"https:\/\/blogs.correiobraziliense.com.br\/servidor\/wp-json\/wp\/v2\/comments?post=14724"}],"version-history":[{"count":5,"href":"https:\/\/blogs.correiobraziliense.com.br\/servidor\/wp-json\/wp\/v2\/posts\/14724\/revisions"}],"predecessor-version":[{"id":14732,"href":"https:\/\/blogs.correiobraziliense.com.br\/servidor\/wp-json\/wp\/v2\/posts\/14724\/revisions\/14732"}],"wp:attachment":[{"href":"https:\/\/blogs.correiobraziliense.com.br\/servidor\/wp-json\/wp\/v2\/media?parent=14724"}],"wp:term":[{"taxonomy":"category","embeddable":true,"href":"https:\/\/blogs.correiobraziliense.com.br\/servidor\/wp-json\/wp\/v2\/categories?post=14724"},{"taxonomy":"post_tag","embeddable":true,"href":"https:\/\/blogs.correiobraziliense.com.br\/servidor\/wp-json\/wp\/v2\/tags?post=14724"}],"curies":[{"name":"wp","href":"https:\/\/api.w.org\/{rel}","templated":true}]}}