{"id":14712,"date":"2019-12-18T15:54:15","date_gmt":"2019-12-18T18:54:15","guid":{"rendered":"https:\/\/blogs.correiobraziliense.com.br\/servidor\/?p=14712"},"modified":"2019-12-18T15:54:15","modified_gmt":"2019-12-18T18:54:15","slug":"fenapef-aciona-justica-contra-regras-de-transicao-e-aliquotas-previdenciarias-progressivas","status":"publish","type":"post","link":"https:\/\/blogs.correiobraziliense.com.br\/servidor\/fenapef-aciona-justica-contra-regras-de-transicao-e-aliquotas-previdenciarias-progressivas\/","title":{"rendered":"Fenapef aciona Justi\u00e7a contra regras de transi\u00e7\u00e3o e al\u00edquotas previdenci\u00e1rias progressivas"},"content":{"rendered":"<p><em>As duas a\u00e7\u00f5es da Federa\u00e7\u00e3o Nacional dos Policiais Federais (Fenapef) foram protocoladas na segunda-feira (16) na Vara da Justi\u00e7a\u00a0Federal no Distrito Federal, com o objetivo \u00e9 preservar os direitos da\u00a0categoria ap\u00f3s a reforma da\u00a0Previd\u00eancia, evitar a incid\u00eancia das al\u00edquotas progressivas para contribui\u00e7\u00f5es previdenci\u00e1rias e garantir regra de transi\u00e7\u00e3o justa.\u00a0A partir do contracheque de mar\u00e7o, os policiais federais\u00a0ter\u00e3o um preju\u00edzo mensal de R$ 600 a R$ 1.380<\/em><\/p>\n<p>O texto aprovado na C\u00e2mara em outubro determinou o direito \u00e0 paridade e \u00e0\u00a0integralidade para os policiais que se aposentarem voluntariamente aos 55 anos ou aos que se aposentassem com 53 (homens) e 52 (mulheres),\u00a0desde que cumpram o prazo que faltava para a aposentadoria em dobro. Ou\u00a0seja, se faltavam dois anos, ter\u00e3o que trabalhar mais quatro, por exemplo.\u00a0Para<br \/>\na Fenapef essas regras s\u00e3o anti-ison\u00f4micas e ferem a Constitui\u00e7\u00e3o, porque\u00a0atingem os policiais federais de forma desproporcional.<\/p>\n<p>Uma das maiores queixas dos policiais federais \u00e9 a nova forma de contribui\u00e7\u00e3o\u00a0para a previd\u00eancia. A partir do contracheque de mar\u00e7o, os policiais federais\u00a0ter\u00e3o um preju\u00edzo mensal de R$ 600 a R$ 1.380, j\u00e1 que a atual al\u00edquota\u00a0de contribui\u00e7\u00e3o pula de 11% para o m\u00ednimo de 14%. E essa al\u00edquota pode\u00a0chegar a mais de 20%. A Fenapef considera confisco todos os valores\u00a0somados, porque amea\u00e7a a subsist\u00eancia dos policiais federais e suas fam\u00edlias,\u00a0uma vez que quase a metade dos sal\u00e1rios seriam destinados a pagamentos de\u00a0tributos.<\/p>\n<p>Argumenta, ainda, que o Supremo Tribunal Federal (STF), em situa\u00e7\u00f5es\u00a0semelhantes, j\u00e1 deliberou que a institui\u00e7\u00e3o de al\u00edquotas progressivas para a\u00a0contribui\u00e7\u00e3o previdenci\u00e1ria dos servidores p\u00fablicos ofende o princ\u00edpio da\u00a0\u201cveda\u00e7\u00e3o de utiliza\u00e7\u00e3o de qualquer tributo com efeito confiscat\u00f3rio\u201d.\u00a0A peti\u00e7\u00e3o tamb\u00e9m ataca os \u00f4nus excessivos para os policiais federais em\u00a0detrimento dos demais profissionais de seguran\u00e7a p\u00fablica. E \u00e9 a\u00ed que est\u00e1 o\u00a0equ\u00edvoco legal e a maior injusti\u00e7a da nova reforma.<\/p>\n<p>A diferen\u00e7a entre as al\u00edquotas que ser\u00e3o cobradas dos policiais militares: 9,5%\u00a0a partir de 2020 e 10,5% em 2021. \u201cPercebe-se a disparidade que abarca\u00a0militares das for\u00e7as armadas, policiais militares, bombeiros militares em\u00a0distin\u00e7\u00e3o injusta frente aos policiais federais e civis, mesmo que o Supremo\u00a0Tribunal Federal j\u00e1 tenha determinado a equival\u00eancia de regime jur\u00eddico de\u00a0todas essas carreiras\u201d, diz o documento.<\/p>\n<p>A Fenapef pede urg\u00eancia na delibera\u00e7\u00e3o, por conta dos preju\u00edzos que\u00a0amea\u00e7am os policiais federais e seus familiares.<\/p>\n<p>&nbsp;<\/p>\n","protected":false},"excerpt":{"rendered":"<p>As duas a\u00e7\u00f5es da Federa\u00e7\u00e3o Nacional dos Policiais Federais (Fenapef) foram protocoladas na segunda-feira (16) na Vara da Justi\u00e7a\u00a0Federal no Distrito Federal, com o objetivo \u00e9 preservar os direitos da\u00a0categoria ap\u00f3s a reforma da\u00a0Previd\u00eancia, evitar a incid\u00eancia das al\u00edquotas progressivas para contribui\u00e7\u00f5es previdenci\u00e1rias e garantir regra de transi\u00e7\u00e3o justa.\u00a0A partir do contracheque de mar\u00e7o, os policiais federais\u00a0ter\u00e3o um preju\u00edzo mensal [&hellip;]<\/p>\n","protected":false},"author":27,"featured_media":0,"comment_status":"open","ping_status":"closed","sticky":false,"template":"","format":"standard","meta":{"footnotes":""},"categories":[2719],"tags":[4798,6,3351,2488,107,2254,2236,409,9617,361,751,30,34,2226],"class_list":["post-14712","post","type-post","status-publish","format-standard","hentry","category-servidor","tag-aliquotas","tag-aposentadoria","tag-contracheque","tag-contribuicoes","tag-fenapef","tag-isonomia","tag-justica-federal","tag-previdenciarias","tag-progressivas","tag-regra","tag-regras","tag-salarios","tag-stf","tag-transicao"],"_links":{"self":[{"href":"https:\/\/blogs.correiobraziliense.com.br\/servidor\/wp-json\/wp\/v2\/posts\/14712","targetHints":{"allow":["GET"]}}],"collection":[{"href":"https:\/\/blogs.correiobraziliense.com.br\/servidor\/wp-json\/wp\/v2\/posts"}],"about":[{"href":"https:\/\/blogs.correiobraziliense.com.br\/servidor\/wp-json\/wp\/v2\/types\/post"}],"author":[{"embeddable":true,"href":"https:\/\/blogs.correiobraziliense.com.br\/servidor\/wp-json\/wp\/v2\/users\/27"}],"replies":[{"embeddable":true,"href":"https:\/\/blogs.correiobraziliense.com.br\/servidor\/wp-json\/wp\/v2\/comments?post=14712"}],"version-history":[{"count":1,"href":"https:\/\/blogs.correiobraziliense.com.br\/servidor\/wp-json\/wp\/v2\/posts\/14712\/revisions"}],"predecessor-version":[{"id":14713,"href":"https:\/\/blogs.correiobraziliense.com.br\/servidor\/wp-json\/wp\/v2\/posts\/14712\/revisions\/14713"}],"wp:attachment":[{"href":"https:\/\/blogs.correiobraziliense.com.br\/servidor\/wp-json\/wp\/v2\/media?parent=14712"}],"wp:term":[{"taxonomy":"category","embeddable":true,"href":"https:\/\/blogs.correiobraziliense.com.br\/servidor\/wp-json\/wp\/v2\/categories?post=14712"},{"taxonomy":"post_tag","embeddable":true,"href":"https:\/\/blogs.correiobraziliense.com.br\/servidor\/wp-json\/wp\/v2\/tags?post=14712"}],"curies":[{"name":"wp","href":"https:\/\/api.w.org\/{rel}","templated":true}]}}