{"id":14686,"date":"2019-12-16T12:10:55","date_gmt":"2019-12-16T15:10:55","guid":{"rendered":"https:\/\/blogs.correiobraziliense.com.br\/servidor\/?p=14686"},"modified":"2019-12-16T15:08:31","modified_gmt":"2019-12-16T18:08:31","slug":"copilotos-da-azul-farao-manifestacoes-em-viracopos-e-congonhas","status":"publish","type":"post","link":"https:\/\/blogs.correiobraziliense.com.br\/servidor\/copilotos-da-azul-farao-manifestacoes-em-viracopos-e-congonhas\/","title":{"rendered":"Copilotos da Azul far\u00e3o manifesta\u00e7\u00f5es em Viracopos e Congonhas"},"content":{"rendered":"<p><em>O Sindicato Nacional dos Aeronautas (SNA) informa que, &#8220;devido \u00e0 intransig\u00eancia da Azul Linhas A\u00e9reas, que nega a possibilidade de negocia\u00e7\u00e3o de melhores condi\u00e7\u00f5es para seus copilotos, a categoria far\u00e1 manifesta\u00e7\u00f5es de protesto nos aeroportos de Viracopos, no dia 19 de dezembro, e de Congonhas, no dia 20 de dezembro. As manifesta\u00e7\u00f5es ter\u00e3o in\u00edcio \u00e0s 16 horas<\/em><\/p>\n<p>O Sindicato Nacional dos Aeronautas ressalta que n\u00e3o haver\u00e1 nenhum tipo bloqueio de acessos ou passagens e que, neste momento, n\u00e3o se trata de um movimento grevista. Ou seja, n\u00e3o haver\u00e1 paralisa\u00e7\u00e3o de voos.<\/p>\n<p>&#8220;Os copilotos da Azul reivindicam que a companhia valorize seus profissionais e tome medidas para evitar as injusti\u00e7as que v\u00eam ocorrendo reiteradamente, com os copilotos da casa sendo preteridos no momento de sua promo\u00e7\u00e3o em favor da contrata\u00e7\u00e3o de comandantes de fora&#8221;, explica o SNA.<\/p>\n<p>De acordo com a entidade, a Azul tem hoje a pior pol\u00edtica de remunera\u00e7\u00e3o para copilotos entre todas as cong\u00eaneres do pa\u00eds, com a maior defasagem entre copiloto e comandante \u2014paga, inclusive, um dos mais baixos sal\u00e1rios para a fun\u00e7\u00e3o de copiloto do mundo.<\/p>\n<p>&#8220;A Azul afirma que os copilotos da companhia t\u00eam melhores perspectivas de promo\u00e7\u00e3o, por\u00e9m na pr\u00e1tica n\u00e3o \u00e9 o que ocorre devido \u00e0s contrata\u00e7\u00f5es de comandantes, o que tem prejudicado imensamente a carreira de centenas de copilotos preteridos neste processo&#8221;, reitera.<\/p>\n<p>O grupo de copilotos da Azul espera que a companhia d\u00ea uma resposta satisfat\u00f3ria para as reivindica\u00e7\u00f5es. Caso n\u00e3o haja di\u00e1logo com a empresa, a categoria decidir\u00e1 em assembleia quais ser\u00e3o seus pr\u00f3ximos passos.<\/p>\n<p><strong>Manifesta\u00e7\u00e3o Viracopos \u2013 Campinas<\/strong><br \/>\nData: 19\/12<br \/>\nHor\u00e1rio: a partir das 16h<\/p>\n<p><strong>Manifesta\u00e7\u00e3o Congonhas \u2013 S\u00e3o Paulo<\/strong><br \/>\nData: 20\/12<br \/>\nHor\u00e1rio: a partir das 16h<\/p>\n","protected":false},"excerpt":{"rendered":"<p>O Sindicato Nacional dos Aeronautas (SNA) informa que, &#8220;devido \u00e0 intransig\u00eancia da Azul Linhas A\u00e9reas, que nega a possibilidade de negocia\u00e7\u00e3o de melhores condi\u00e7\u00f5es para seus copilotos, a categoria far\u00e1 manifesta\u00e7\u00f5es de protesto nos aeroportos de Viracopos, no dia 19 de dezembro, e de Congonhas, no dia 20 de dezembro. As manifesta\u00e7\u00f5es ter\u00e3o in\u00edcio \u00e0s 16 horas O Sindicato Nacional [&hellip;]<\/p>\n","protected":false},"author":27,"featured_media":14696,"comment_status":"open","ping_status":"closed","sticky":false,"template":"","format":"standard","meta":{"footnotes":""},"categories":[2719],"tags":[16589,16588,16587,16590,11060,172,14092,16591,1151,1393,516,996,718,1673,5872],"class_list":["post-14686","post","type-post","status-publish","format-standard","has-post-thumbnail","hentry","category-servidor","tag-aeroporto-de-congonhas","tag-aeroporto-de-viracopos","tag-azul","tag-azul-linhas-aereas","tag-comandantes","tag-contratacao","tag-copilotos","tag-defasagem-remuneracao","tag-manifestacao","tag-passagens","tag-pilotos","tag-promocao","tag-protesto","tag-sao-paulo","tag-sna"],"_links":{"self":[{"href":"https:\/\/blogs.correiobraziliense.com.br\/servidor\/wp-json\/wp\/v2\/posts\/14686","targetHints":{"allow":["GET"]}}],"collection":[{"href":"https:\/\/blogs.correiobraziliense.com.br\/servidor\/wp-json\/wp\/v2\/posts"}],"about":[{"href":"https:\/\/blogs.correiobraziliense.com.br\/servidor\/wp-json\/wp\/v2\/types\/post"}],"author":[{"embeddable":true,"href":"https:\/\/blogs.correiobraziliense.com.br\/servidor\/wp-json\/wp\/v2\/users\/27"}],"replies":[{"embeddable":true,"href":"https:\/\/blogs.correiobraziliense.com.br\/servidor\/wp-json\/wp\/v2\/comments?post=14686"}],"version-history":[{"count":3,"href":"https:\/\/blogs.correiobraziliense.com.br\/servidor\/wp-json\/wp\/v2\/posts\/14686\/revisions"}],"predecessor-version":[{"id":14697,"href":"https:\/\/blogs.correiobraziliense.com.br\/servidor\/wp-json\/wp\/v2\/posts\/14686\/revisions\/14697"}],"wp:featuredmedia":[{"embeddable":true,"href":"https:\/\/blogs.correiobraziliense.com.br\/servidor\/wp-json\/wp\/v2\/media\/14696"}],"wp:attachment":[{"href":"https:\/\/blogs.correiobraziliense.com.br\/servidor\/wp-json\/wp\/v2\/media?parent=14686"}],"wp:term":[{"taxonomy":"category","embeddable":true,"href":"https:\/\/blogs.correiobraziliense.com.br\/servidor\/wp-json\/wp\/v2\/categories?post=14686"},{"taxonomy":"post_tag","embeddable":true,"href":"https:\/\/blogs.correiobraziliense.com.br\/servidor\/wp-json\/wp\/v2\/tags?post=14686"}],"curies":[{"name":"wp","href":"https:\/\/api.w.org\/{rel}","templated":true}]}}