{"id":14678,"date":"2019-12-12T20:59:00","date_gmt":"2019-12-12T23:59:00","guid":{"rendered":"https:\/\/blogs.correiobraziliense.com.br\/servidor\/?p=14678"},"modified":"2019-12-12T20:59:00","modified_gmt":"2019-12-12T23:59:00","slug":"correios-e-policia-federal-assinam-acordo-de-cooperacao","status":"publish","type":"post","link":"https:\/\/blogs.correiobraziliense.com.br\/servidor\/correios-e-policia-federal-assinam-acordo-de-cooperacao\/","title":{"rendered":"Correios e Pol\u00edcia Federal assinam acordo de coopera\u00e7\u00e3o"},"content":{"rendered":"<p><em>Os Correios e a Pol\u00edcia Federal assinaram, nesta quinta-feira (12), acordo de coopera\u00e7\u00e3o t\u00e9cnica para o planejamento de a\u00e7\u00f5es de interesse comum. O objetivo \u00e9 desenvolver projetos institucionais nas \u00e1reas de recursos humanos, intelig\u00eancia, tecnologia da informa\u00e7\u00e3o, entre outras<\/em><\/p>\n<p>Na ocasi\u00e3o, o diretor-geral da Pol\u00edcia Federal, Maur\u00edcio Leite Valeixo, destacou que a assinatura simboliza o fortalecimento da parceria entre as duas institui\u00e7\u00e3o e parabenizou o presidente dos Correios, Floriano Peixoto, pela forma como vem conduzindo a estatal.<\/p>\n<p>\u201cA Pol\u00edcia Federal e os Correios t\u00eam uma rela\u00e7\u00e3o de longa data, pautada nos valores republicanos e na coopera\u00e7\u00e3o. Podem ter certeza que vamos atuar \u00e0 altura do que a sociedade espera para combater o crime organizado, esteja ele onde estiver\u201d, enfatizou o diretor.<\/p>\n<p>O presidente dos Correios ressaltou o compromisso da empresa em contribuir para o enfrentamento a qualquer tipo de ilicitude. \u201cNos sentimos muito fortalecidos de ter a Pol\u00edcia Federal como aliada, j\u00e1 temos v\u00e1rias a\u00e7\u00f5es deliberadas em conjunto\u201d, afirmou.<\/p>\n","protected":false},"excerpt":{"rendered":"<p>Os Correios e a Pol\u00edcia Federal assinaram, nesta quinta-feira (12), acordo de coopera\u00e7\u00e3o t\u00e9cnica para o planejamento de a\u00e7\u00f5es de interesse comum. O objetivo \u00e9 desenvolver projetos institucionais nas \u00e1reas de recursos humanos, intelig\u00eancia, tecnologia da informa\u00e7\u00e3o, entre outras Na ocasi\u00e3o, o diretor-geral da Pol\u00edcia Federal, Maur\u00edcio Leite Valeixo, destacou que a assinatura simboliza o fortalecimento da parceria entre as [&hellip;]<\/p>\n","protected":false},"author":27,"featured_media":0,"comment_status":"open","ping_status":"closed","sticky":false,"template":"","format":"standard","meta":{"footnotes":""},"categories":[2719],"tags":[112,1178,20,1118,3,104,9447,4504],"class_list":["post-14678","post","type-post","status-publish","format-standard","hentry","category-servidor","tag-acordo","tag-cooperacao","tag-correios","tag-informacao","tag-planejamento","tag-policia-federal","tag-recursos-humanos","tag-tecnologia"],"_links":{"self":[{"href":"https:\/\/blogs.correiobraziliense.com.br\/servidor\/wp-json\/wp\/v2\/posts\/14678","targetHints":{"allow":["GET"]}}],"collection":[{"href":"https:\/\/blogs.correiobraziliense.com.br\/servidor\/wp-json\/wp\/v2\/posts"}],"about":[{"href":"https:\/\/blogs.correiobraziliense.com.br\/servidor\/wp-json\/wp\/v2\/types\/post"}],"author":[{"embeddable":true,"href":"https:\/\/blogs.correiobraziliense.com.br\/servidor\/wp-json\/wp\/v2\/users\/27"}],"replies":[{"embeddable":true,"href":"https:\/\/blogs.correiobraziliense.com.br\/servidor\/wp-json\/wp\/v2\/comments?post=14678"}],"version-history":[{"count":1,"href":"https:\/\/blogs.correiobraziliense.com.br\/servidor\/wp-json\/wp\/v2\/posts\/14678\/revisions"}],"predecessor-version":[{"id":14679,"href":"https:\/\/blogs.correiobraziliense.com.br\/servidor\/wp-json\/wp\/v2\/posts\/14678\/revisions\/14679"}],"wp:attachment":[{"href":"https:\/\/blogs.correiobraziliense.com.br\/servidor\/wp-json\/wp\/v2\/media?parent=14678"}],"wp:term":[{"taxonomy":"category","embeddable":true,"href":"https:\/\/blogs.correiobraziliense.com.br\/servidor\/wp-json\/wp\/v2\/categories?post=14678"},{"taxonomy":"post_tag","embeddable":true,"href":"https:\/\/blogs.correiobraziliense.com.br\/servidor\/wp-json\/wp\/v2\/tags?post=14678"}],"curies":[{"name":"wp","href":"https:\/\/api.w.org\/{rel}","templated":true}]}}