{"id":14675,"date":"2019-12-12T20:45:21","date_gmt":"2019-12-12T23:45:21","guid":{"rendered":"https:\/\/blogs.correiobraziliense.com.br\/servidor\/?p=14675"},"modified":"2019-12-12T20:45:21","modified_gmt":"2019-12-12T23:45:21","slug":"a-briga-entre-caminhoneiros-e-governo-tende-a-esquentar","status":"publish","type":"post","link":"https:\/\/blogs.correiobraziliense.com.br\/servidor\/a-briga-entre-caminhoneiros-e-governo-tende-a-esquentar\/","title":{"rendered":"A briga entre caminhoneiros e governo tende a esquentar"},"content":{"rendered":"<p><em>A queda de bra\u00e7o promete ainda v\u00e1rios cap\u00edtulos. A categoria est\u00e1 dividida. Uma parte apoia Marconi Fran\u00e7a, outra \u00e9 aliada da atual gest\u00e3o. Uns dizem que o Brasil vai parar na segunda-feira (16), outros garantem que nada vai acontecer. O ministro da Infraestrutura fez promessas. Nem todos acreditam nelas<\/em><\/p>\n<p>https:\/\/www.youtube.com\/watch?v=8EYmN8knV-Q&#038;feature=youtu.be<\/p>\n<p>Indignado, caminhoneiro M\u00e1rcio Francisco, posta v\u00eddeo com desafios a J\u00fanior, Chor\u00e3o &#8211; os principais respons\u00e1veis pela greve de 2018 &#8211; e ao ministro da Infraestrutura, Tarc\u00edsio de Freitas. Ele revela nome e contato e pede que os colegas fa\u00e7am uma autocr\u00edtica antes de discriminar Marconi Fran\u00e7a, que pediu apoio \u00e0 CUT para a paralisa\u00e7\u00e3o programada para a pr\u00f3xima segunda-feira, 16 de dezembro<\/p>\n<p>De acordo com M\u00e1rcio Francisco, &#8220;toda vez que se fala em paralisa\u00e7\u00e3o, J\u00fanior e Chor\u00e3o saem na m\u00eddia para dizer que est\u00e1 tudo resolvido e que agora n\u00e3o \u00e9 hora&#8221;. Contou, ainda, que procurou tanto J\u00fanior, quanto Chor\u00e3o, e n\u00e3o recebeu resposta. &#8220;O ministro Tarc\u00edsio, depois que eu excomunguei ele, ele me bloqueou&#8221;, destaca. Ele confessa que votou, nas elei\u00e7\u00f5es, em Jair Bolsonaro. &#8220;Fiz arminha e tudo. E o que a gente ganhou desse governo? Nada&#8221;, refor\u00e7a.<\/p>\n<p>Com o caminh\u00e3o na estrada parado, ele gravou a mensagem para os aut\u00f4nomos e pediu ades\u00e3o \u00e0 greve. &#8220;Se voc\u00ea acha que est\u00e1 tudo bem, acorda. Eu vou parar no dia 16&#8221;, disse. Vale lembrar que, no dia 11, ao participar de um evento de amplia\u00e7\u00e3o do Aeroporto de Salvador, o ministro Tarc\u00edsio de Freitas garantiu que &#8220;n\u00e3o vai ter greve de caminhoneiros&#8221;, com base em conversas que vem tendo com v\u00e1rias lideran\u00e7as.<\/p>\n","protected":false},"excerpt":{"rendered":"<p>A queda de bra\u00e7o promete ainda v\u00e1rios cap\u00edtulos. A categoria est\u00e1 dividida. Uma parte apoia Marconi Fran\u00e7a, outra \u00e9 aliada da atual gest\u00e3o. Uns dizem que o Brasil vai parar na segunda-feira (16), outros garantem que nada vai acontecer. O ministro da Infraestrutura fez promessas. Nem todos acreditam nelas https:\/\/www.youtube.com\/watch?v=8EYmN8knV-Q&#038;feature=youtu.be Indignado, caminhoneiro M\u00e1rcio Francisco, posta v\u00eddeo com desafios a J\u00fanior, [&hellip;]<\/p>\n","protected":false},"author":27,"featured_media":0,"comment_status":"open","ping_status":"closed","sticky":false,"template":"","format":"standard","meta":{"footnotes":""},"categories":[2719],"tags":[1502,6331,379,12290,98,15,506],"class_list":["post-14675","post","type-post","status-publish","format-standard","hentry","category-servidor","tag-briga","tag-caminhoneiros","tag-categoria","tag-frete","tag-governo","tag-greve","tag-paralisacao"],"_links":{"self":[{"href":"https:\/\/blogs.correiobraziliense.com.br\/servidor\/wp-json\/wp\/v2\/posts\/14675","targetHints":{"allow":["GET"]}}],"collection":[{"href":"https:\/\/blogs.correiobraziliense.com.br\/servidor\/wp-json\/wp\/v2\/posts"}],"about":[{"href":"https:\/\/blogs.correiobraziliense.com.br\/servidor\/wp-json\/wp\/v2\/types\/post"}],"author":[{"embeddable":true,"href":"https:\/\/blogs.correiobraziliense.com.br\/servidor\/wp-json\/wp\/v2\/users\/27"}],"replies":[{"embeddable":true,"href":"https:\/\/blogs.correiobraziliense.com.br\/servidor\/wp-json\/wp\/v2\/comments?post=14675"}],"version-history":[{"count":1,"href":"https:\/\/blogs.correiobraziliense.com.br\/servidor\/wp-json\/wp\/v2\/posts\/14675\/revisions"}],"predecessor-version":[{"id":14676,"href":"https:\/\/blogs.correiobraziliense.com.br\/servidor\/wp-json\/wp\/v2\/posts\/14675\/revisions\/14676"}],"wp:attachment":[{"href":"https:\/\/blogs.correiobraziliense.com.br\/servidor\/wp-json\/wp\/v2\/media?parent=14675"}],"wp:term":[{"taxonomy":"category","embeddable":true,"href":"https:\/\/blogs.correiobraziliense.com.br\/servidor\/wp-json\/wp\/v2\/categories?post=14675"},{"taxonomy":"post_tag","embeddable":true,"href":"https:\/\/blogs.correiobraziliense.com.br\/servidor\/wp-json\/wp\/v2\/tags?post=14675"}],"curies":[{"name":"wp","href":"https:\/\/api.w.org\/{rel}","templated":true}]}}