{"id":14670,"date":"2019-12-12T17:56:45","date_gmt":"2019-12-12T20:56:45","guid":{"rendered":"https:\/\/blogs.correiobraziliense.com.br\/servidor\/?p=14670"},"modified":"2019-12-12T17:56:45","modified_gmt":"2019-12-12T20:56:45","slug":"carta-do-asmetro-sn-contra-o-desmonte-do-inpi","status":"publish","type":"post","link":"https:\/\/blogs.correiobraziliense.com.br\/servidor\/carta-do-asmetro-sn-contra-o-desmonte-do-inpi\/","title":{"rendered":"Carta do Asmetro-SN contra o desmonte do INPI"},"content":{"rendered":"<p><em>De acordo com o sindicato, o INPI \u00e9 superavit\u00e1rio, portanto n\u00e3o tem justificativa o argumento do governo de extin\u00e7\u00e3o do \u00f3rg\u00e3o e sua incorpora\u00e7\u00e3o \u00e0 ABDI n\u00e3o faz sentido<\/em><\/p>\n<p>Veja a nota:<\/p>\n<p>&#8220;O Sindicato Nacional dos Servidores do Inmetro (Asmetro-SN) vem a p\u00fablico manifestar preocupa\u00e7\u00e3o com as propostas de altera\u00e7\u00e3o legislativa, inclusive por meio de Medida Provis\u00f3ria, que disp\u00f5em sobre a extin\u00e7\u00e3o do Instituto Nacional da Propriedade Industrial (INPI) para ser incorporado a\u0300 Ag\u00eancia Brasileira de Desenvolvimento Industrial (ABDI), que se tornaria Ag\u00eancia Brasileira de Desenvolvimento e Propriedade Industrial (ABDPI).<\/p>\n<p>O INPI, al\u00e9m de reconhecido centro de excel\u00eancia pelos principais institutos internacionais cong\u00eaneres (USPTO, JPO e EPO) como escrit\u00f3rio de patentes, atua em quest\u00f5es envolvendo transfer\u00eancia de tecnologia de outros pa\u00edses para o Brasil, caracterizando-se, assim, como um dos pilares das rela\u00e7\u00f5es de comercio exterior e um importante ator no desenvolvimento nacional, exercendo fun\u00e7\u00e3o exclusiva de Estado, a exemplo das referidas ag\u00eancias. Seu desmonte, portanto, p\u00f5e em risco a seguran\u00e7a jur\u00eddica quanto ao direito de propriedade.<\/p>\n<p>N\u00e3o h\u00e1 que se mencionar economia ao governo, j\u00e1 que o \u00f3rg\u00e3o \u00e9 sabidamente superavit\u00e1rio. Sua extin\u00e7\u00e3o trar\u00e1 grande preju\u00edzo \u00e0 sociedade.<\/p>\n<p>Desta feita, o Asmetro-SN solidariza-se com o INPI e seus servidores, posicionando firmemente contra o desmonte do servi\u00e7o p\u00fablico federal.<\/p>\n<p>Sindicato Nacional dos Servidores do Inmetro,<\/p>\n<p>ASMETRO-SN 12\/12\/2019&#8221;<\/p>\n","protected":false},"excerpt":{"rendered":"<p>De acordo com o sindicato, o INPI \u00e9 superavit\u00e1rio, portanto n\u00e3o tem justificativa o argumento do governo de extin\u00e7\u00e3o do \u00f3rg\u00e3o e sua incorpora\u00e7\u00e3o \u00e0 ABDI n\u00e3o faz sentido Veja a nota: &#8220;O Sindicato Nacional dos Servidores do Inmetro (Asmetro-SN) vem a p\u00fablico manifestar preocupa\u00e7\u00e3o com as propostas de altera\u00e7\u00e3o legislativa, inclusive por meio de Medida Provis\u00f3ria, que disp\u00f5em sobre [&hellip;]<\/p>\n","protected":false},"author":27,"featured_media":0,"comment_status":"open","ping_status":"closed","sticky":false,"template":"","format":"standard","meta":{"footnotes":""},"categories":[2719],"tags":[11402,16580,5260,301,3270,88,2114,98,332,6271,7081],"class_list":["post-14670","post","type-post","status-publish","format-standard","hentry","category-servidor","tag-abdi","tag-abdpi","tag-asmetro-sn","tag-carta","tag-desmonte","tag-economia","tag-extincao","tag-governo","tag-incorporacao","tag-inpi","tag-superavitario"],"_links":{"self":[{"href":"https:\/\/blogs.correiobraziliense.com.br\/servidor\/wp-json\/wp\/v2\/posts\/14670","targetHints":{"allow":["GET"]}}],"collection":[{"href":"https:\/\/blogs.correiobraziliense.com.br\/servidor\/wp-json\/wp\/v2\/posts"}],"about":[{"href":"https:\/\/blogs.correiobraziliense.com.br\/servidor\/wp-json\/wp\/v2\/types\/post"}],"author":[{"embeddable":true,"href":"https:\/\/blogs.correiobraziliense.com.br\/servidor\/wp-json\/wp\/v2\/users\/27"}],"replies":[{"embeddable":true,"href":"https:\/\/blogs.correiobraziliense.com.br\/servidor\/wp-json\/wp\/v2\/comments?post=14670"}],"version-history":[{"count":1,"href":"https:\/\/blogs.correiobraziliense.com.br\/servidor\/wp-json\/wp\/v2\/posts\/14670\/revisions"}],"predecessor-version":[{"id":14671,"href":"https:\/\/blogs.correiobraziliense.com.br\/servidor\/wp-json\/wp\/v2\/posts\/14670\/revisions\/14671"}],"wp:attachment":[{"href":"https:\/\/blogs.correiobraziliense.com.br\/servidor\/wp-json\/wp\/v2\/media?parent=14670"}],"wp:term":[{"taxonomy":"category","embeddable":true,"href":"https:\/\/blogs.correiobraziliense.com.br\/servidor\/wp-json\/wp\/v2\/categories?post=14670"},{"taxonomy":"post_tag","embeddable":true,"href":"https:\/\/blogs.correiobraziliense.com.br\/servidor\/wp-json\/wp\/v2\/tags?post=14670"}],"curies":[{"name":"wp","href":"https:\/\/api.w.org\/{rel}","templated":true}]}}