{"id":14662,"date":"2019-12-12T16:56:55","date_gmt":"2019-12-12T19:56:55","guid":{"rendered":"https:\/\/blogs.correiobraziliense.com.br\/servidor\/?p=14662"},"modified":"2019-12-12T16:56:55","modified_gmt":"2019-12-12T19:56:55","slug":"servidores-ato-debate-em-frente-ao-ministerio-da-economia","status":"publish","type":"post","link":"https:\/\/blogs.correiobraziliense.com.br\/servidor\/servidores-ato-debate-em-frente-ao-ministerio-da-economia\/","title":{"rendered":"Servidores &#8211; Ato\/debate em frente ao Minist\u00e9rio da Economia"},"content":{"rendered":"<p>A Frente Parlamentar Mista do Servi\u00e7o P\u00fablico far\u00e1 uma manifesta\u00e7\u00e3o, na sexta-feira (13 de dezembro), \u00e0s 9 horas, em frente \u00e0 sede do Minist\u00e9rio da Economia, no Bloco P<\/p>\n<p><img loading=\"lazy\" decoding=\"async\" class=\"alignright size-full wp-image-14663\" src=\"https:\/\/blogs.correiobraziliense.com.br\/servidor\/wp-content\/uploads\/sites\/10\/2019\/12\/protesto-frente-parlamentar.jpg\" alt=\"\" width=\"961\" height=\"853\" \/><\/p>\n<p>&nbsp;<\/p>\n","protected":false},"excerpt":{"rendered":"<p>A Frente Parlamentar Mista do Servi\u00e7o P\u00fablico far\u00e1 uma manifesta\u00e7\u00e3o, na sexta-feira (13 de dezembro), \u00e0s 9 horas, em frente \u00e0 sede do Minist\u00e9rio da Economia, no Bloco P &nbsp;<\/p>\n","protected":false},"author":27,"featured_media":0,"comment_status":"open","ping_status":"closed","sticky":false,"template":"","format":"standard","meta":{"footnotes":""},"categories":[2719],"tags":[16574,16575,14327],"class_list":["post-14662","post","type-post","status-publish","format-standard","hentry","category-servidor","tag-ato-debate","tag-frente-parlamentar-do-servico-publico","tag-ministerio-da-economia"],"_links":{"self":[{"href":"https:\/\/blogs.correiobraziliense.com.br\/servidor\/wp-json\/wp\/v2\/posts\/14662","targetHints":{"allow":["GET"]}}],"collection":[{"href":"https:\/\/blogs.correiobraziliense.com.br\/servidor\/wp-json\/wp\/v2\/posts"}],"about":[{"href":"https:\/\/blogs.correiobraziliense.com.br\/servidor\/wp-json\/wp\/v2\/types\/post"}],"author":[{"embeddable":true,"href":"https:\/\/blogs.correiobraziliense.com.br\/servidor\/wp-json\/wp\/v2\/users\/27"}],"replies":[{"embeddable":true,"href":"https:\/\/blogs.correiobraziliense.com.br\/servidor\/wp-json\/wp\/v2\/comments?post=14662"}],"version-history":[{"count":1,"href":"https:\/\/blogs.correiobraziliense.com.br\/servidor\/wp-json\/wp\/v2\/posts\/14662\/revisions"}],"predecessor-version":[{"id":14664,"href":"https:\/\/blogs.correiobraziliense.com.br\/servidor\/wp-json\/wp\/v2\/posts\/14662\/revisions\/14664"}],"wp:attachment":[{"href":"https:\/\/blogs.correiobraziliense.com.br\/servidor\/wp-json\/wp\/v2\/media?parent=14662"}],"wp:term":[{"taxonomy":"category","embeddable":true,"href":"https:\/\/blogs.correiobraziliense.com.br\/servidor\/wp-json\/wp\/v2\/categories?post=14662"},{"taxonomy":"post_tag","embeddable":true,"href":"https:\/\/blogs.correiobraziliense.com.br\/servidor\/wp-json\/wp\/v2\/tags?post=14662"}],"curies":[{"name":"wp","href":"https:\/\/api.w.org\/{rel}","templated":true}]}}