{"id":14650,"date":"2019-12-10T22:10:59","date_gmt":"2019-12-11T01:10:59","guid":{"rendered":"https:\/\/blogs.correiobraziliense.com.br\/servidor\/?p=14650"},"modified":"2019-12-10T22:10:59","modified_gmt":"2019-12-11T01:10:59","slug":"nova-diretoria-da-amb-toma-posse-nesta-quarta-feira-11","status":"publish","type":"post","link":"https:\/\/blogs.correiobraziliense.com.br\/servidor\/nova-diretoria-da-amb-toma-posse-nesta-quarta-feira-11\/","title":{"rendered":"Nova diretoria da AMB toma posse nesta quarta-feira (11)"},"content":{"rendered":"<div><em><br \/>\nOs novos membros dos Conselhos Executivo e Fiscal da Associa\u00e7\u00e3o dos Magistrados Brasileiros (AMB) tomam posse, nesta quarta-feira (11), \u00e0s 18h30, no Superior Tribunal de Justi\u00e7a (STJ), em Bras\u00edlia (DF). A ju\u00edza Renata Gil, primeira presidente mulher da Associa\u00e7\u00e3o, estar\u00e1 \u00e0 frente da entidade nacional no tri\u00eanio 2020-2022<\/em><\/div>\n<div><\/div>\n<div><span>A solenidade de posse ter\u00e1 as presen\u00e7as do presidente do Supremo Tribunal Federal (STF) e do Conselho Nacional de Justi\u00e7a (CNJ), ministro Dias Toffoli, do presidente do Superior Tribunal de Justi\u00e7a (STJ), Jo\u00e3o Ot\u00e1vio Noronha, e do corregedor nacional de Justi\u00e7a, ministro Humberto Martins.\u00a0<\/span><span>A cerim\u00f4nia ser\u00e1 transmitida ao vivo pelo site, YouTube e Instagram da AMB.\u00a0<\/span><\/div>\n<div><\/div>\n<div><strong>Nova presidente<\/strong><\/div>\n<div><span>Ju\u00edza h\u00e1 21 anos, Renata Gil \u00e9 presidente da Associa\u00e7\u00e3o dos Magistrados do Rio de Janeiro (Amaerj). Foi vice-presidente da AMB nos tri\u00eanios 2011-2013 e 2017-2019. Titular da 40\u00ba Vara Criminal do Tribunal de Justi\u00e7a do Rio de Janeiro desde 2008, ela atuou nas comarcas de Concei\u00e7\u00e3o de Macabu, Silva Jardim e Rio Bonito, munic\u00edpios no interior do Estado do Rio. \u00c9 formada em Direito pela Universidade do Estado do Rio de Janeiro (Uerj).<\/span><\/div>\n<div><\/div>\n<div><strong>AMB<\/strong><\/div>\n<div><span>Aos 70 anos de funda\u00e7\u00e3o, a AMB \u00e9 a maior entidade representativa da magistratura nacional, reunindo cerca de 14 mil associados. Congrega 33 associa\u00e7\u00f5es regionais, das quais 27 de ju\u00edzes estaduais, quatro trabalhistas e duas militares.<\/span><\/div>\n<div><span>\u00a0<\/span><\/div>\n<div><span><strong>Servi\u00e7o<\/strong><br \/>\nSolenidade de posse AMB<br \/>\nLocal: Superior Tribunal de Justi\u00e7a (STJ)<br \/>\nData: 11 de dezembro<br \/>\nHor\u00e1rio: 18h30<\/span><\/div>\n","protected":false},"excerpt":{"rendered":"<p>Os novos membros dos Conselhos Executivo e Fiscal da Associa\u00e7\u00e3o dos Magistrados Brasileiros (AMB) tomam posse, nesta quarta-feira (11), \u00e0s 18h30, no Superior Tribunal de Justi\u00e7a (STJ), em Bras\u00edlia (DF). A ju\u00edza Renata Gil, primeira presidente mulher da Associa\u00e7\u00e3o, estar\u00e1 \u00e0 frente da entidade nacional no tri\u00eanio 2020-2022 A solenidade de posse ter\u00e1 as presen\u00e7as do presidente do Supremo Tribunal [&hellip;]<\/p>\n","protected":false},"author":27,"featured_media":0,"comment_status":"open","ping_status":"closed","sticky":false,"template":"","format":"standard","meta":{"footnotes":""},"categories":[2719],"tags":[1409,4256,868,81,34,1040],"class_list":["post-14650","post","type-post","status-publish","format-standard","hentry","category-servidor","tag-amb","tag-cerimonia","tag-posse","tag-presidente","tag-stf","tag-stj"],"_links":{"self":[{"href":"https:\/\/blogs.correiobraziliense.com.br\/servidor\/wp-json\/wp\/v2\/posts\/14650","targetHints":{"allow":["GET"]}}],"collection":[{"href":"https:\/\/blogs.correiobraziliense.com.br\/servidor\/wp-json\/wp\/v2\/posts"}],"about":[{"href":"https:\/\/blogs.correiobraziliense.com.br\/servidor\/wp-json\/wp\/v2\/types\/post"}],"author":[{"embeddable":true,"href":"https:\/\/blogs.correiobraziliense.com.br\/servidor\/wp-json\/wp\/v2\/users\/27"}],"replies":[{"embeddable":true,"href":"https:\/\/blogs.correiobraziliense.com.br\/servidor\/wp-json\/wp\/v2\/comments?post=14650"}],"version-history":[{"count":1,"href":"https:\/\/blogs.correiobraziliense.com.br\/servidor\/wp-json\/wp\/v2\/posts\/14650\/revisions"}],"predecessor-version":[{"id":14651,"href":"https:\/\/blogs.correiobraziliense.com.br\/servidor\/wp-json\/wp\/v2\/posts\/14650\/revisions\/14651"}],"wp:attachment":[{"href":"https:\/\/blogs.correiobraziliense.com.br\/servidor\/wp-json\/wp\/v2\/media?parent=14650"}],"wp:term":[{"taxonomy":"category","embeddable":true,"href":"https:\/\/blogs.correiobraziliense.com.br\/servidor\/wp-json\/wp\/v2\/categories?post=14650"},{"taxonomy":"post_tag","embeddable":true,"href":"https:\/\/blogs.correiobraziliense.com.br\/servidor\/wp-json\/wp\/v2\/tags?post=14650"}],"curies":[{"name":"wp","href":"https:\/\/api.w.org\/{rel}","templated":true}]}}