{"id":14633,"date":"2019-12-09T17:14:07","date_gmt":"2019-12-09T20:14:07","guid":{"rendered":"https:\/\/blogs.correiobraziliense.com.br\/servidor\/?p=14633"},"modified":"2019-12-09T17:26:35","modified_gmt":"2019-12-09T20:26:35","slug":"agu-tenta-contato-com-quem-teve-poupanca-prejudicada","status":"publish","type":"post","link":"https:\/\/blogs.correiobraziliense.com.br\/servidor\/agu-tenta-contato-com-quem-teve-poupanca-prejudicada\/","title":{"rendered":"AGU tenta contato com quem teve poupan\u00e7a prejudicada por planos econ\u00f4micos"},"content":{"rendered":"<p><em>Quem tinha poupan\u00e7a entre 1980 e 1990 e se sentiu prejudicado com o congelamento de pre\u00e7os deve ir em busca dos seus direitos, o mais r\u00e1pido poss\u00edvel. O prazo termina em mar\u00e7o de 2020.\u00a0O limite de ades\u00e3o ao acordo era de dois anos a partir da homologa\u00e7\u00e3o (mar\u00e7o de 2018). O prazo, portanto, termina no ano que vem.\u00a0Como os planos Bresser (1987), Ver\u00e3o (1989) e Collor 2 (1991) envolvem poupadores que entraram h\u00e1 d\u00e9cadas na Justi\u00e7a, os bancos enfrentam dificuldade para fazer chegar a informa\u00e7\u00e3o a essas pessoas<\/em><\/p>\n<p>Ap\u00f3s auxiliar na constru\u00e7\u00e3o do acordo coletivo dos planos econ\u00f4micos para corre\u00e7\u00e3o de aplica\u00e7\u00f5es na poupan\u00e7a feitas nos anos 1980 e 1990, a Advocacia-Geral da Uni\u00e3o (AGU) continua atuando para que os poupadores conhe\u00e7am as condi\u00e7\u00f5es de ades\u00e3o e encerrem as disputas judiciais da melhor forma poss\u00edvel.<\/p>\n<p>Na quarta-feira (passada 4), o adjunto do advogado-geral da Uni\u00e3o, Fabr\u00edcio da Soller, se reuniu com representantes dos signat\u00e1rios do acordo e com a Ordem dos Advogados do Brasil (OAB) com o intuito de solicitar contatos dos representantes jur\u00eddicos de poupadores para que a Federa\u00e7\u00e3o Brasileira de Bancos (Febraban) possa se comunicar com eles de maneira \u00e1gil.<\/p>\n<p>Como os planos Bresser (1987), Ver\u00e3o (1989) e Collor 2 (1991), objeto do acordo, envolvem poupadores que ingressaram h\u00e1 d\u00e9cadas na Justi\u00e7a, os bancos enfrentam dificuldade para fazer chegar a informa\u00e7\u00e3o a essas pessoas. Al\u00e9m disso, como o prazo de ades\u00e3o se encerra em mar\u00e7o de 2020, \u00e9 importante que os advogados, poupadores ou herdeiros fiquem atentos.<\/p>\n<p>\u201c\u00c0s vezes as pessoas j\u00e1 faleceram ou s\u00e3o muito idosas, outras vezes o pr\u00f3prio advogado j\u00e1 faleceu. H\u00e1 um universo que dificilmente se consegue alcan\u00e7ar. Mas o esfor\u00e7o est\u00e1 sendo feito\u201d, garantiu Fabr\u00edcio da Soller.<\/p>\n<p>Participaram do encontro, al\u00e9m da Febraban e da AGU, representantes do Instituto Brasileiro de Defesa do Consumidor (Idec) e do Banco Central. O presidente nacional da OAB, Felipe Santa Cruz, foi receptivo \u00e0 demanda e colocou a entidade \u00e0 disposi\u00e7\u00e3o para o compartilhamento dos endere\u00e7os atualizados dos advogados listados nas a\u00e7\u00f5es.<\/p>\n<p>\u201cVemos nessa atitude uma oportunidade de fazermos chegar essa informa\u00e7\u00e3o do acordo aos diversos poupadores e seus advogados. Ao nosso ver, num universo t\u00e3o grande de pessoas, com a\u00e7\u00f5es t\u00e3o antigas, \u00e9 poss\u00edvel que essa informa\u00e7\u00e3o n\u00e3o tenha chegado a eles, ou n\u00e3o tenha chegado da forma mais correta\u201d, elogiou.<\/p>\n<p>At\u00e9 o momento, 95 mil poupadores j\u00e1 aderiram ao acordo, resultado considerado positivo pelo adjunto do AGU. O n\u00famero representa R$ 1,4 bilh\u00e3o j\u00e1 pago aos prejudicados com os planos econ\u00f4micos que acionaram a Justi\u00e7a. Ele lembra que, embora a Uni\u00e3o n\u00e3o seja parte das a\u00e7\u00f5es judicias, a AGU teve papel protagonista na media\u00e7\u00e3o e viabiliza\u00e7\u00e3o do acordo.<\/p>\n<p>\u201cEstamos muito pr\u00f3ximos do encerramento do prazo de ades\u00e3o e h\u00e1 todo um esfor\u00e7o de bancos e associa\u00e7\u00f5es que representam os consumidores para que a gente possa viabilizar o maior n\u00famero de ades\u00f5es, sempre com o interesse dos poupadores. \u00c9 claro que isso ser\u00e1 uma decis\u00e3o deles e de seus advogados. Por isso, eles precisam se informar sobre os termos do acordo e estudar as condi\u00e7\u00f5es. Entendemos que ele traz uma grande vantagem, que \u00e9 a rapidez no recebimento desses valores. O papel da AGU tem sido de participante efetivo, n\u00e3o s\u00f3 no momento da media\u00e7\u00e3o, mas tamb\u00e9m agora, durante a implementa\u00e7\u00e3o\u201d, explicou.<\/p>\n","protected":false},"excerpt":{"rendered":"<p>Quem tinha poupan\u00e7a entre 1980 e 1990 e se sentiu prejudicado com o congelamento de pre\u00e7os deve ir em busca dos seus direitos, o mais r\u00e1pido poss\u00edvel. O prazo termina em mar\u00e7o de 2020.\u00a0O limite de ades\u00e3o ao acordo era de dois anos a partir da homologa\u00e7\u00e3o (mar\u00e7o de 2018). O prazo, portanto, termina no ano que vem.\u00a0Como os planos [&hellip;]<\/p>\n","protected":false},"author":27,"featured_media":14635,"comment_status":"open","ping_status":"closed","sticky":false,"template":"","format":"standard","meta":{"footnotes":""},"categories":[2719],"tags":[157,744,5121,5122,2514,260,5119,4801,824,11132],"class_list":["post-14633","post","type-post","status-publish","format-standard","has-post-thumbnail","hentry","category-servidor","tag-agu","tag-bancos","tag-bresser","tag-collor","tag-contato","tag-justica","tag-planos-economicos","tag-poupadores","tag-prejudicados","tag-verao"],"_links":{"self":[{"href":"https:\/\/blogs.correiobraziliense.com.br\/servidor\/wp-json\/wp\/v2\/posts\/14633","targetHints":{"allow":["GET"]}}],"collection":[{"href":"https:\/\/blogs.correiobraziliense.com.br\/servidor\/wp-json\/wp\/v2\/posts"}],"about":[{"href":"https:\/\/blogs.correiobraziliense.com.br\/servidor\/wp-json\/wp\/v2\/types\/post"}],"author":[{"embeddable":true,"href":"https:\/\/blogs.correiobraziliense.com.br\/servidor\/wp-json\/wp\/v2\/users\/27"}],"replies":[{"embeddable":true,"href":"https:\/\/blogs.correiobraziliense.com.br\/servidor\/wp-json\/wp\/v2\/comments?post=14633"}],"version-history":[{"count":3,"href":"https:\/\/blogs.correiobraziliense.com.br\/servidor\/wp-json\/wp\/v2\/posts\/14633\/revisions"}],"predecessor-version":[{"id":14637,"href":"https:\/\/blogs.correiobraziliense.com.br\/servidor\/wp-json\/wp\/v2\/posts\/14633\/revisions\/14637"}],"wp:featuredmedia":[{"embeddable":true,"href":"https:\/\/blogs.correiobraziliense.com.br\/servidor\/wp-json\/wp\/v2\/media\/14635"}],"wp:attachment":[{"href":"https:\/\/blogs.correiobraziliense.com.br\/servidor\/wp-json\/wp\/v2\/media?parent=14633"}],"wp:term":[{"taxonomy":"category","embeddable":true,"href":"https:\/\/blogs.correiobraziliense.com.br\/servidor\/wp-json\/wp\/v2\/categories?post=14633"},{"taxonomy":"post_tag","embeddable":true,"href":"https:\/\/blogs.correiobraziliense.com.br\/servidor\/wp-json\/wp\/v2\/tags?post=14633"}],"curies":[{"name":"wp","href":"https:\/\/api.w.org\/{rel}","templated":true}]}}