{"id":14629,"date":"2019-12-09T14:35:40","date_gmt":"2019-12-09T17:35:40","guid":{"rendered":"https:\/\/blogs.correiobraziliense.com.br\/servidor\/?p=14629"},"modified":"2019-12-09T14:35:40","modified_gmt":"2019-12-09T17:35:40","slug":"centrais-sindicais-farao-jornada-de-lutas-em-defesa-dos-direitos-e-do-emprego","status":"publish","type":"post","link":"https:\/\/blogs.correiobraziliense.com.br\/servidor\/centrais-sindicais-farao-jornada-de-lutas-em-defesa-dos-direitos-e-do-emprego\/","title":{"rendered":"Centrais sindicais far\u00e3o Jornada de Lutas em defesa dos direitos e do emprego"},"content":{"rendered":"<p><em>A partir das 6 horas da manh\u00e3, presidentes de\u00a0CUT, For\u00e7a Sindical, UGT, CTB, CSB, Nova Central, CGTB, Intersindical, Intersindical Instrumento de Luta e Conlutas j\u00e1 estar\u00e3o nas portas das f\u00e1bricas em atividade<\/em><\/p>\n<p>Para conversar com a popula\u00e7\u00e3o e com os trabalhadores e as trabalhadoras no Estado de S\u00e3o Paulo sobre a amea\u00e7a de mais uma medida (MP 905) do governo de Bolsonaro e o ministro da economia, Paulo Guedes, que acaba com direitos e aumenta o emprego prec\u00e1rio, as centrais sindicais, reunidos na manh\u00e3 desta sexta-feira (6) definiram uma \u201cJornada de Lutas por Empregos e Direitos\u201d &#8211; com panfletagens e mobiliza\u00e7\u00f5es para a semana do dia 10 a 13 de dezembro, destacam as centrais.<\/p>\n<p>O ABC Paulista iniciar\u00e1 a luta na ter\u00e7a-feira dia 10. Os presidentes das centrais sindicais &#8211; CUT, For\u00e7a Sindical, UGT, CTB, CSB, Nova Central, CGTB, Intersindical, Intersindical Instrumento de Luta e Conlutas estar\u00e3o na Volks, em S\u00e3o Bernardo do Campo, a partir das 6 horas da manh\u00e3.<\/p>\n<p>Para o presidente da For\u00e7a Sindical, Miguel Torres, a jornada \u00e9 um importante instrumento para intensificar a luta por mais direitos. &#8220;Vamos esclarecer a sociedade sobre a nefasta Medida Provis\u00f3ria 905 que prejudica os trabalhadores &#8220;.<\/p>\n<p>O l\u00edder sindical tamb\u00e9m ressalta a luta por mais empregos. \u201cContamos com o apoio e a participa\u00e7\u00e3o de todos nesta jornada contra a MP 905, para fortalecermos a luta por emprego, direitos e uma vida melhor para a classe trabalhadora e a sociedade brasileira em geral\u201d, complemente Miguel que tamb\u00e9m \u00e9 presidente do Sindicato dos Metal\u00fargicos de S\u00e3o Paulo e Mogi das Cruzes e da CNTM.<\/p>\n<p><em><strong>Confira o calend\u00e1rio completo:<\/strong><\/em><\/p>\n<p><strong>Dia 10\/12 \u2013 Ter\u00e7a-feira<\/strong><\/p>\n<p>05 h \u2013 Volks &#8211; Rodovia Anchieta Km 23 \u2013 SBC<\/p>\n<p>05 h- Colgate \u2013 Rodovia Anchieta, sem n\u00famero \u2013 Rudge Ramos\/SBC<\/p>\n<p>06 h \u2013 Panfletagens nos terminais de Trolebus em SBC, Diadema e Santo Andr\u00e9 e nas esta\u00e7\u00f5es de trem em Ribeir\u00e3o Pires e Santo Andr\u00e9.<\/p>\n<p>08h30 \u2013 Panfletagem e di\u00e1logo com a popula\u00e7\u00e3o na Rua Marechal Deodoro, centro de SBC<\/p>\n<p><strong>Dia 11\/12 \u2013 Quarta-feira<\/strong><\/p>\n<p>05 h \u2013 Panfletagem na metal\u00fargica MWM \u2013 Avenida Na\u00e7\u00f5es Unidas 22.002 e em mais 10 f\u00e1bricas da Zona Sul de S\u00e3o Paulo.<\/p>\n<p>08h \u2013 Panfletagem e di\u00e1logo com a popula\u00e7\u00e3o nos terminais de Santo Amaro e Largo 13 de Maio. Tamb\u00e9m vai ter mobiliza\u00e7\u00e3o na Pra\u00e7a Floriano Peixoto, tamb\u00e9m na Zona Sul de S\u00e3o Paulo.<\/p>\n<p>Dia 12\/12 \u2013 Quinta-feira<\/p>\n<p>06 h \u2013 Panfletagens nas esta\u00e7\u00f5es de metro em S\u00e3o Paulo: Itaquera, Arthur Alvin, S\u00e9, Barra Funda e Br\u00e1s.<\/p>\n<p>08 h \u2013 a luta ser\u00e1 em Campinas. Ter\u00e1 panfletagem e di\u00e1logo com a popula\u00e7\u00e3o no terminal de \u00f4nibus intermunicipal e no Calcad\u00e3o da Catedral.<\/p>\n<p><strong>Dia 13\/12 \u2013 Sexta-feira<\/strong><\/p>\n<p>06 h \u2013 panfletagem nas esta\u00e7\u00f5es de Osasco e Carapicu\u00edba<\/p>\n","protected":false},"excerpt":{"rendered":"<p>A partir das 6 horas da manh\u00e3, presidentes de\u00a0CUT, For\u00e7a Sindical, UGT, CTB, CSB, Nova Central, CGTB, Intersindical, Intersindical Instrumento de Luta e Conlutas j\u00e1 estar\u00e3o nas portas das f\u00e1bricas em atividade Para conversar com a popula\u00e7\u00e3o e com os trabalhadores e as trabalhadoras no Estado de S\u00e3o Paulo sobre a amea\u00e7a de mais uma medida (MP 905) do governo [&hellip;]<\/p>\n","protected":false},"author":27,"featured_media":0,"comment_status":"open","ping_status":"closed","sticky":false,"template":"","format":"standard","meta":{"footnotes":""},"categories":[2719],"tags":[1101,3326,10218,1723,2383,999,619,197,870,3327,16415,2967,351,2966],"class_list":["post-14629","post","type-post","status-publish","format-standard","hentry","category-servidor","tag-centrais-sindicais","tag-cgtb","tag-conlutas","tag-csb","tag-ctb","tag-cut","tag-direitos","tag-emprego","tag-forca-sindical","tag-intersindical","tag-mp-905-2019","tag-nova-central","tag-sociedade","tag-ugt"],"_links":{"self":[{"href":"https:\/\/blogs.correiobraziliense.com.br\/servidor\/wp-json\/wp\/v2\/posts\/14629","targetHints":{"allow":["GET"]}}],"collection":[{"href":"https:\/\/blogs.correiobraziliense.com.br\/servidor\/wp-json\/wp\/v2\/posts"}],"about":[{"href":"https:\/\/blogs.correiobraziliense.com.br\/servidor\/wp-json\/wp\/v2\/types\/post"}],"author":[{"embeddable":true,"href":"https:\/\/blogs.correiobraziliense.com.br\/servidor\/wp-json\/wp\/v2\/users\/27"}],"replies":[{"embeddable":true,"href":"https:\/\/blogs.correiobraziliense.com.br\/servidor\/wp-json\/wp\/v2\/comments?post=14629"}],"version-history":[{"count":1,"href":"https:\/\/blogs.correiobraziliense.com.br\/servidor\/wp-json\/wp\/v2\/posts\/14629\/revisions"}],"predecessor-version":[{"id":14630,"href":"https:\/\/blogs.correiobraziliense.com.br\/servidor\/wp-json\/wp\/v2\/posts\/14629\/revisions\/14630"}],"wp:attachment":[{"href":"https:\/\/blogs.correiobraziliense.com.br\/servidor\/wp-json\/wp\/v2\/media?parent=14629"}],"wp:term":[{"taxonomy":"category","embeddable":true,"href":"https:\/\/blogs.correiobraziliense.com.br\/servidor\/wp-json\/wp\/v2\/categories?post=14629"},{"taxonomy":"post_tag","embeddable":true,"href":"https:\/\/blogs.correiobraziliense.com.br\/servidor\/wp-json\/wp\/v2\/tags?post=14629"}],"curies":[{"name":"wp","href":"https:\/\/api.w.org\/{rel}","templated":true}]}}