{"id":14591,"date":"2019-12-05T16:28:52","date_gmt":"2019-12-05T19:28:52","guid":{"rendered":"https:\/\/blogs.correiobraziliense.com.br\/servidor\/?p=14591"},"modified":"2019-12-05T16:28:52","modified_gmt":"2019-12-05T19:28:52","slug":"receita-abre-na-segunda-feira-9-de-de-dezembro-consulta-ao-setimo-lote-de-restituicao-do-irpf-2019","status":"publish","type":"post","link":"https:\/\/blogs.correiobraziliense.com.br\/servidor\/receita-abre-na-segunda-feira-9-de-de-dezembro-consulta-ao-setimo-lote-de-restituicao-do-irpf-2019\/","title":{"rendered":"Receita abre na segunda-feira, 9 de de dezembro, consulta ao s\u00e9timo lote de restitui\u00e7\u00e3o do IRPF 2019"},"content":{"rendered":"<p><em>A partir das 9 horas de segunda-feira, 9 de dezembro, estar\u00e1 dispon\u00edvel para consulta o s\u00e9timo lote de restitui\u00e7\u00e3o do IRPF 2019. O lote de restitui\u00e7\u00e3o do Imposto sobre a Renda da Pessoa F\u00edsica contempla tamb\u00e9m restitui\u00e7\u00f5es residuais de 2008 a 2018.\u00a0A restitui\u00e7\u00e3o ficar\u00e1 dispon\u00edvel no banco durante um ano<\/em><\/p>\n<p>O dinheiro entrar\u00e1 na conta dos 320.606 contribuintes em 16 de dezembro. O valor total \u00e9 de R$ 700 milh\u00f5es, de acordo com a Receita Federal. Desse total, R$ 172.952.366,78 s\u00e3o de contribuintes de que tratam o art. 16 da Lei n\u00ba 9.250\/95 e o Art. 69-A da Lei n\u00ba 9.784\/99, sendo 3.308 idosos acima de 80 anos, 21.410 entre 60 e 79 anos, 3.172 contribuintes com alguma defici\u00eancia f\u00edsica ou mental ou mol\u00e9stia grave e 9.789 contribuintes cuja maior fonte de renda seja o magist\u00e9rio.<\/p>\n<p>Os montantes de restitui\u00e7\u00e3o para cada exerc\u00edcio, e a respectiva taxa Selic aplicada, podem ser acompanhados na tabela a seguir:<\/p>\n<p><img loading=\"lazy\" decoding=\"async\" class=\"size-full wp-image-14592 aligncenter\" src=\"https:\/\/blogs.correiobraziliense.com.br\/servidor\/wp-content\/uploads\/sites\/10\/2019\/12\/Receita-dezembro-2019.jpg\" alt=\"\" width=\"978\" height=\"858\" srcset=\"https:\/\/blogs.correiobraziliense.com.br\/servidor\/wp-content\/uploads\/sites\/10\/2019\/12\/Receita-dezembro-2019.jpg 978w, https:\/\/blogs.correiobraziliense.com.br\/servidor\/wp-content\/uploads\/sites\/10\/2019\/12\/Receita-dezembro-2019-300x263.jpg 300w, https:\/\/blogs.correiobraziliense.com.br\/servidor\/wp-content\/uploads\/sites\/10\/2019\/12\/Receita-dezembro-2019-768x674.jpg 768w, https:\/\/blogs.correiobraziliense.com.br\/servidor\/wp-content\/uploads\/sites\/10\/2019\/12\/Receita-dezembro-2019-350x307.jpg 350w, https:\/\/blogs.correiobraziliense.com.br\/servidor\/wp-content\/uploads\/sites\/10\/2019\/12\/Receita-dezembro-2019-550x483.jpg 550w, https:\/\/blogs.correiobraziliense.com.br\/servidor\/wp-content\/uploads\/sites\/10\/2019\/12\/Receita-dezembro-2019-230x202.jpg 230w\" sizes=\"auto, (max-width: 978px) 100vw, 978px\" \/><\/p>\n<p>Para saber se teve a declara\u00e7\u00e3o liberada, o contribuinte dever\u00e1 acessar a p\u00e1gina da Receita na Internet (http:\/\/receita.economia.gov.br\/), ou ligar para o Receitafone 146. Na consulta \u00e0 p\u00e1gina da Receita, servi\u00e7o e-CAC, \u00e9 poss\u00edvel acessar o extrato da declara\u00e7\u00e3o e ver se h\u00e1 inconsist\u00eancias de dados identificadas pelo processamento. Nesta hip\u00f3tese, o contribuinte pode avaliar as inconsist\u00eancias e fazer a autorregulariza\u00e7\u00e3o, mediante entrega de declara\u00e7\u00e3o retificadora.<\/p>\n<p>&#8220;A Receita disponibiliza, ainda, aplicativo para tablets e smartphones que facilita consulta \u00e0s declara\u00e7\u00f5es do IRPF e situa\u00e7\u00e3o cadastral no CPF. Com ele ser\u00e1 poss\u00edvel consultar diretamente nas bases da Receita Federal informa\u00e7\u00f5es sobre libera\u00e7\u00e3o das restitui\u00e7\u00f5es do IRPF e a situa\u00e7\u00e3o cadastral de uma inscri\u00e7\u00e3o no CPF&#8221;, informa o Fisco.<\/p>\n<p>A restitui\u00e7\u00e3o ficar\u00e1 dispon\u00edvel no banco durante um ano. Se o contribuinte n\u00e3o fizer o resgate nesse prazo, dever\u00e1 requer\u00ea-la por meio da Internet, mediante o Formul\u00e1rio Eletr\u00f4nico &#8211; Pedido de Pagamento de Restitui\u00e7\u00e3o, ou diretamente no e-CAC, no servi\u00e7o Extrato do Processamento da DIRPF.<\/p>\n<p>Caso o valor n\u00e3o seja creditado, o contribuinte poder\u00e1 contatar pessoalmente qualquer ag\u00eancia do BB ou ligar para a Central de Atendimento por meio do telefone 4004-0001 (capitais), 0800-729-0001 (demais localidades) e 0800-729-0088 (telefone especial exclusivo para deficientes auditivos) para agendar o cr\u00e9dito em conta-corrente ou poupan\u00e7a, em seu nome, em qualquer banco.<\/p>\n","protected":false},"excerpt":{"rendered":"<p>A partir das 9 horas de segunda-feira, 9 de dezembro, estar\u00e1 dispon\u00edvel para consulta o s\u00e9timo lote de restitui\u00e7\u00e3o do IRPF 2019. O lote de restitui\u00e7\u00e3o do Imposto sobre a Renda da Pessoa F\u00edsica contempla tamb\u00e9m restitui\u00e7\u00f5es residuais de 2008 a 2018.\u00a0A restitui\u00e7\u00e3o ficar\u00e1 dispon\u00edvel no banco durante um ano O dinheiro entrar\u00e1 na conta dos 320.606 contribuintes em 16 [&hellip;]<\/p>\n","protected":false},"author":27,"featured_media":0,"comment_status":"open","ping_status":"closed","sticky":false,"template":"","format":"standard","meta":{"footnotes":""},"categories":[2719],"tags":[3787,1638,515,374,247,16541,16391,2168,294,739],"class_list":["post-14591","post","type-post","status-publish","format-standard","hentry","category-servidor","tag-banco","tag-conta","tag-contribuintes","tag-dinheiro","tag-fisco","tag-imposto-de-renda-da-pessoa-fisica","tag-irpf-2019","tag-lote","tag-receita-federal","tag-restituicao"],"_links":{"self":[{"href":"https:\/\/blogs.correiobraziliense.com.br\/servidor\/wp-json\/wp\/v2\/posts\/14591","targetHints":{"allow":["GET"]}}],"collection":[{"href":"https:\/\/blogs.correiobraziliense.com.br\/servidor\/wp-json\/wp\/v2\/posts"}],"about":[{"href":"https:\/\/blogs.correiobraziliense.com.br\/servidor\/wp-json\/wp\/v2\/types\/post"}],"author":[{"embeddable":true,"href":"https:\/\/blogs.correiobraziliense.com.br\/servidor\/wp-json\/wp\/v2\/users\/27"}],"replies":[{"embeddable":true,"href":"https:\/\/blogs.correiobraziliense.com.br\/servidor\/wp-json\/wp\/v2\/comments?post=14591"}],"version-history":[{"count":1,"href":"https:\/\/blogs.correiobraziliense.com.br\/servidor\/wp-json\/wp\/v2\/posts\/14591\/revisions"}],"predecessor-version":[{"id":14593,"href":"https:\/\/blogs.correiobraziliense.com.br\/servidor\/wp-json\/wp\/v2\/posts\/14591\/revisions\/14593"}],"wp:attachment":[{"href":"https:\/\/blogs.correiobraziliense.com.br\/servidor\/wp-json\/wp\/v2\/media?parent=14591"}],"wp:term":[{"taxonomy":"category","embeddable":true,"href":"https:\/\/blogs.correiobraziliense.com.br\/servidor\/wp-json\/wp\/v2\/categories?post=14591"},{"taxonomy":"post_tag","embeddable":true,"href":"https:\/\/blogs.correiobraziliense.com.br\/servidor\/wp-json\/wp\/v2\/tags?post=14591"}],"curies":[{"name":"wp","href":"https:\/\/api.w.org\/{rel}","templated":true}]}}