{"id":14587,"date":"2019-12-05T12:31:26","date_gmt":"2019-12-05T15:31:26","guid":{"rendered":"https:\/\/blogs.correiobraziliense.com.br\/servidor\/?p=14587"},"modified":"2019-12-05T12:31:26","modified_gmt":"2019-12-05T15:31:26","slug":"servidores-do-inss-ato-em-brasilia-contra-extincao-do-servico-social-na-previdencia","status":"publish","type":"post","link":"https:\/\/blogs.correiobraziliense.com.br\/servidor\/servidores-do-inss-ato-em-brasilia-contra-extincao-do-servico-social-na-previdencia\/","title":{"rendered":"Servidores do INSS &#8211; ato em Bras\u00edlia contra extin\u00e7\u00e3o do Servi\u00e7o Social na Previd\u00eancia"},"content":{"rendered":"<p><em>A Federa\u00e7\u00e3o Nacional dos Sindicatos dos Trabalhadores em Sa\u00fade, Trabalho, Previd\u00eancia e Assist\u00eancia Social (Fenasps) convocou ato p\u00fablico em frente \u00e0 sede nacional do\u00a0Instituto Nacional do Seguro Social (INSS), a partir das 14h desta quinta-feira, 5 de dezembro, contra a\u00a0Medida Provis\u00f3ria (MP) n\u00b0 905, que institui a carteira de trabalho Verde e Amarela, e afeta 1,6 mil assistentes sociais, por meio de um artigo que exclui o servi\u00e7o social das atribui\u00e7\u00f5es de atendimento nas ag\u00eancias do INSS\u00a0<\/em><\/p>\n<p>Servidores do Instituto Nacional do Seguro Social (INSS), atenderam a convoca\u00e7\u00e3o da Fenasps e aderiram ao ato p\u00fablico. A motiva\u00e7\u00e3o \u00e9 a publica\u00e7\u00e3o da Medida Provis\u00f3ria (MP) n\u00b0 905, do institui a carteira de trabalho Verde e Amarela, mas que incluiu, sem ter qualquer rela\u00e7\u00e3o com a gera\u00e7\u00e3o de emprego prometida pelo governo, um artigo que exclui o Servi\u00e7o Social das atribui\u00e7\u00f5es do atendimento nas ag\u00eancias do INSS. A MP afetar\u00e1 diretamente cerca de 1,6 mil assistentes sociais e dezenas milh\u00f5es de brasileiros que procuram atendimento no INSS em todo o pa\u00eds.<\/p>\n<p>Nos c\u00e1lculos da Fenasps, o servi\u00e7o social, criado em 1944, atende, todos os anos, a mais de um milh\u00e3o de pessoas no Brasil, n\u00famero que s\u00f3 n\u00e3o \u00e9 maior devido, &#8220;em grande parte, ao ass\u00e9dio e press\u00e3o institucionais que esses profissionais sofrem para atuar fora deste servi\u00e7o, inclusive em atividades administrativas&#8221;.<\/p>\n<p>&#8220;Essa press\u00e3o, por sua vez, ocorre devido ao alto d\u00e9ficit de servidores(as) no \u00f3rg\u00e3o: o pr\u00f3prio INSS reconheceu, j\u00e1 em 2017, que precisava contratar mais de 16 mil funcion\u00e1rios, o que n\u00e3o ocorreu&#8221;, detalha a entidade.<\/p>\n<p>Aliada \u00e0 falta de servidores, as filas de \u2018dobrar quarteir\u00e3o\u2019 para a popula\u00e7\u00e3o acessar as ag\u00eancias do INSS foram substitu\u00eddas por espera de meses: em agosto, devido ao vertiginoso aumento de pedidos de aposentadoria causado pela perspectiva de aprova\u00e7\u00e3o da Reforma da Previd\u00eancia, o INSS contava com uma fila de dois milh\u00f5es de requerimentos a serem analisados. O tempo de espera para an\u00e1lise de pedido de benef\u00edcios previdenci\u00e1rios tem sido, em m\u00e9dia, de seis a oito meses, mas existem casos de trabalhadores que aguardam h\u00e1 quase um ano.<\/p>\n<p>&#8220;A extin\u00e7\u00e3o do Servi\u00e7o Social no INSS representa perdas sociais sem precedentes, especialmente para os trabalhadores\/as mais pobres e vulner\u00e1veis, a exemplo de pessoas com defici\u00eancia, idosos\/as, pessoas n\u00e3o alfabetizadas, aqueles\/as que possuem dificuldade de acesso \u00e0 internet ou a equipamentos eletr\u00f4nicos&#8221;, informa a Fenasps.<\/p>\n<p>Ou seja, o mais prejudicado, destaca a entidade, ser\u00e1 o grande grupo de exclu\u00eddos digitais do pa\u00eds que, segundo dados do IBGE referentes ao ano de 2016, constitu\u00edam mais de 63 milh\u00f5es de habitantes no Brasil. &#8220;Sem o Servi\u00e7o Social no INSS, a \u00faltima porta de acesso que ofere\u00e7a atendimento presencial \u00e0 popula\u00e7\u00e3o brasileira est\u00e1 sendo fechada&#8221;, conclui.<\/p>\n","protected":false},"excerpt":{"rendered":"<p>A Federa\u00e7\u00e3o Nacional dos Sindicatos dos Trabalhadores em Sa\u00fade, Trabalho, Previd\u00eancia e Assist\u00eancia Social (Fenasps) convocou ato p\u00fablico em frente \u00e0 sede nacional do\u00a0Instituto Nacional do Seguro Social (INSS), a partir das 14h desta quinta-feira, 5 de dezembro, contra a\u00a0Medida Provis\u00f3ria (MP) n\u00b0 905, que institui a carteira de trabalho Verde e Amarela, e afeta 1,6 mil assistentes sociais, por [&hellip;]<\/p>\n","protected":false},"author":27,"featured_media":0,"comment_status":"open","ping_status":"closed","sticky":false,"template":"","format":"standard","meta":{"footnotes":""},"categories":[2719],"tags":[879,1870,10823,551,21,852,7043,411,197,2114,16536,2845,98,11,16415,545,8797,16537,58,19,16538],"class_list":["post-14587","post","type-post","status-publish","format-standard","hentry","category-servidor","tag-agencias","tag-assedio","tag-assistentes-sociais","tag-atendimento","tag-ato","tag-beneficios","tag-carteira-de-trabalho","tag-deficit","tag-emprego","tag-extincao","tag-fenasps","tag-filas","tag-governo","tag-inss","tag-mp-905-2019","tag-populacao","tag-requerimentos","tag-servico-social-na-previdencia","tag-servidores","tag-trabalhadores","tag-verde-e-amarela"],"_links":{"self":[{"href":"https:\/\/blogs.correiobraziliense.com.br\/servidor\/wp-json\/wp\/v2\/posts\/14587","targetHints":{"allow":["GET"]}}],"collection":[{"href":"https:\/\/blogs.correiobraziliense.com.br\/servidor\/wp-json\/wp\/v2\/posts"}],"about":[{"href":"https:\/\/blogs.correiobraziliense.com.br\/servidor\/wp-json\/wp\/v2\/types\/post"}],"author":[{"embeddable":true,"href":"https:\/\/blogs.correiobraziliense.com.br\/servidor\/wp-json\/wp\/v2\/users\/27"}],"replies":[{"embeddable":true,"href":"https:\/\/blogs.correiobraziliense.com.br\/servidor\/wp-json\/wp\/v2\/comments?post=14587"}],"version-history":[{"count":1,"href":"https:\/\/blogs.correiobraziliense.com.br\/servidor\/wp-json\/wp\/v2\/posts\/14587\/revisions"}],"predecessor-version":[{"id":14588,"href":"https:\/\/blogs.correiobraziliense.com.br\/servidor\/wp-json\/wp\/v2\/posts\/14587\/revisions\/14588"}],"wp:attachment":[{"href":"https:\/\/blogs.correiobraziliense.com.br\/servidor\/wp-json\/wp\/v2\/media?parent=14587"}],"wp:term":[{"taxonomy":"category","embeddable":true,"href":"https:\/\/blogs.correiobraziliense.com.br\/servidor\/wp-json\/wp\/v2\/categories?post=14587"},{"taxonomy":"post_tag","embeddable":true,"href":"https:\/\/blogs.correiobraziliense.com.br\/servidor\/wp-json\/wp\/v2\/tags?post=14587"}],"curies":[{"name":"wp","href":"https:\/\/api.w.org\/{rel}","templated":true}]}}