{"id":14585,"date":"2019-12-05T12:01:15","date_gmt":"2019-12-05T15:01:15","guid":{"rendered":"https:\/\/blogs.correiobraziliense.com.br\/servidor\/?p=14585"},"modified":"2019-12-05T12:01:15","modified_gmt":"2019-12-05T15:01:15","slug":"anffa-sindical-continua-insuficiente-o-numero-de-auditores-fiscais-agropecuarios","status":"publish","type":"post","link":"https:\/\/blogs.correiobraziliense.com.br\/servidor\/anffa-sindical-continua-insuficiente-o-numero-de-auditores-fiscais-agropecuarios\/","title":{"rendered":"Anffa Sindical &#8211; Continua insuficiente o n\u00famero de auditores fiscais agropecu\u00e1rios"},"content":{"rendered":"<p><em>Para o Sindicato Nacional dos Auditores Fiscais Federais Agropecu\u00e1rios (Anffa Sindical), embora positiva, &#8220;a\u00a0convoca\u00e7\u00e3o apenas de m\u00e9dicos veterin\u00e1rios n\u00e3o contempla outras \u00e1reas da fiscaliza\u00e7\u00e3o que est\u00e3o em situa\u00e7\u00e3o cr\u00edtica \u2013 onde atuam os engenheiros agr\u00f4nomos, qu\u00edmicos, zootecnistas e farmac\u00eauticos \u2013 devido \u00e0 intensifica\u00e7\u00e3o das aposentadorias&#8221;.\u00a0 E alerta que a poss\u00edvel queda na qualidade dos produtos agropecu\u00e1rios nacionais, pela fiscaliza\u00e7\u00e3o insuficiente e menor controle oficial dos produtos exportados, traz risco de perdas nos mercados internacionais<\/em><\/p>\n<p>De acordo com a entidade, nos \u00faltimos 20 anos houve uma queda de 4.200 Affas para 2.700 atualmente. A redu\u00e7\u00e3o dr\u00e1stica de pessoal coloca em risco tanto o setor produtivo agropecu\u00e1rio quanto os consumidores, j\u00e1 que \u00e9 maior a possibilidade de entrada e dissemina\u00e7\u00e3o de pragas e doen\u00e7as e de contamina\u00e7\u00f5es com grande potencial de dano ao ambiente agropecu\u00e1rio e \u00e0 sa\u00fade p\u00fablica.<\/p>\n<p>Veja a nota:<\/p>\n<p>&#8220;Foi publicada hoje (3), no Di\u00e1rio Oficial da Uni\u00e3o (DOU), a convoca\u00e7\u00e3o de 100 Auditores Fiscais Federais Agropecu\u00e1rios (Affas) excedentes do \u00faltimo concurso p\u00fablico pelo Minist\u00e9rio da Agricultura, Pecu\u00e1ria e Abastecimento (Mapa). Por\u00e9m, o Sindicato Nacional dos Auditores Fiscais Federais Agropecu\u00e1rios (Anffa Sindical) v\u00ea como insuficiente, apesar de positiva, a medida para suprir a falta de pessoal na fiscaliza\u00e7\u00e3o federal.<\/p>\n<p>O n\u00famero est\u00e1 aqu\u00e9m dos 150 candidatos excedentes que poderiam ser chamados de imediato e n\u00e3o contempla \u00e1reas importantes da fiscaliza\u00e7\u00e3o que precisam ser refor\u00e7adas.<\/p>\n<p>O quadro de Auditores Fiscais Federais Agropecu\u00e1rios est\u00e1 defasado e o Anffa Sindical defende constantemente a realiza\u00e7\u00e3o de novos concursos e a nomea\u00e7\u00e3o de candidatos j\u00e1 aprovados em certames.<\/p>\n<p>A convoca\u00e7\u00e3o apenas de m\u00e9dicos veterin\u00e1rios, por\u00e9m, n\u00e3o contempla outras \u00e1reas da fiscaliza\u00e7\u00e3o que est\u00e3o em situa\u00e7\u00e3o cr\u00edtica \u2013 onde atuam os engenheiros agr\u00f4nomos, qu\u00edmicos, zootecnistas e farmac\u00eauticos \u2013 devido \u00e0 intensifica\u00e7\u00e3o das aposentadorias.<\/p>\n<p>\u00c1reas como a fiscaliza\u00e7\u00e3o e controle internacionais j\u00e1 apresentam perdas significativas na velocidade de libera\u00e7\u00e3o de cargas tanto para a importa\u00e7\u00e3o quanto para a exporta\u00e7\u00e3o. Al\u00e9m disso, a tramita\u00e7\u00e3o interna de processos no Minist\u00e9rio da Agricultura, Pecu\u00e1ria e Abastecimento est\u00e1 extremamente prejudicada.<\/p>\n<p>Nos \u00faltimos 20 anos houve uma queda de 4.200 Affas para 2.700 atualmente. Essa redu\u00e7\u00e3o dr\u00e1stica de pessoal coloca tanto o setor produtivo agropecu\u00e1rio quanto os consumidores em risco, j\u00e1 que \u00e9 maior a possibilidade de entrada e dissemina\u00e7\u00e3o de pragas e doen\u00e7as e de contamina\u00e7\u00f5es com grande potencial de dano ao ambiente agropecu\u00e1rio e \u00e0 sa\u00fade p\u00fablica.<\/p>\n<p>Al\u00e9m disso, a poss\u00edvel queda na qualidade dos produtos agropecu\u00e1rios nacionais causada pela fiscaliza\u00e7\u00e3o insuficiente e o menor controle oficial dos produtos exportados traz o risco de perdas nos mercados internacionais, j\u00e1 que esses fatores s\u00e3o exigidos por todos os importadores dos produtos brasileiros.&#8221;<\/p>\n<p><strong>Sobre os Auditores Fiscais Federais Agropecu\u00e1rios<\/strong><\/p>\n<p>O Sindicato Nacional dos Auditores Fiscais Federais Agropecu\u00e1rios (Anffa Sindical) \u00e9 a entidade representativa da carreira de auditor fiscal federal agropecu\u00e1rio. Os profissionais s\u00e3o engenheiros agr\u00f4nomos, farmac\u00eauticos, qu\u00edmicos, m\u00e9dicos veterin\u00e1rios e zootecnistas que exercem suas fun\u00e7\u00f5es para garantir qualidade de vida, sa\u00fade e seguran\u00e7a alimentar para as fam\u00edlias brasileiras. Atualmente existem 2,7 mil fiscais na ativa, que atuam nas \u00e1reas de auditoria e fiscaliza\u00e7\u00e3o, desde a fabrica\u00e7\u00e3o de insumos, como vacinas, ra\u00e7\u00f5es, sementes, fertilizantes, agrot\u00f3xicos etc., at\u00e9 o produto final, como sucos, refrigerantes, bebidas alco\u00f3licas, produtos vegetais (arroz, feij\u00e3o, \u00f3leos, azeites etc.), latic\u00ednios, ovos, m\u00e9is e carnes. Os profissionais tamb\u00e9m est\u00e3o nos campos, nas agroind\u00fastrias, nas institui\u00e7\u00f5es de pesquisa, nos laborat\u00f3rios nacionais agropecu\u00e1rios, nos supermercados, nos portos, aeroportos e postos de fronteira, no acompanhamento dos programas agropecu\u00e1rios e nas negocia\u00e7\u00f5es e rela\u00e7\u00f5es internacionais do agroneg\u00f3cio. Do campo \u00e0 mesa, dos pastos aos portos, do agroneg\u00f3cio para o Brasil e para o mundo.<\/p>\n","protected":false},"excerpt":{"rendered":"<p>Para o Sindicato Nacional dos Auditores Fiscais Federais Agropecu\u00e1rios (Anffa Sindical), embora positiva, &#8220;a\u00a0convoca\u00e7\u00e3o apenas de m\u00e9dicos veterin\u00e1rios n\u00e3o contempla outras \u00e1reas da fiscaliza\u00e7\u00e3o que est\u00e3o em situa\u00e7\u00e3o cr\u00edtica \u2013 onde atuam os engenheiros agr\u00f4nomos, qu\u00edmicos, zootecnistas e farmac\u00eauticos \u2013 devido \u00e0 intensifica\u00e7\u00e3o das aposentadorias&#8221;.\u00a0 E alerta que a poss\u00edvel queda na qualidade dos produtos agropecu\u00e1rios nacionais, pela fiscaliza\u00e7\u00e3o insuficiente [&hellip;]<\/p>\n","protected":false},"author":27,"featured_media":0,"comment_status":"open","ping_status":"closed","sticky":false,"template":"","format":"standard","meta":{"footnotes":""},"categories":[2719],"tags":[13,2429,2055,12764,16532,5389,16535,940,5212,4238,1232,174,6141,200,221,16533,7569,16534],"class_list":["post-14585","post","type-post","status-publish","format-standard","hentry","category-servidor","tag-agropecuarios","tag-anffa-sindical","tag-aposentadorias","tag-auditores-fiscais-federais-agropecuarios","tag-engenheiros-agronomos","tag-exportacao","tag-farmaceuticos","tag-fiscalizacao","tag-importacao","tag-insuficiente","tag-internacionais","tag-medicos","tag-mercados","tag-nacionais","tag-produtos","tag-quimicos","tag-veterinarios","tag-zootecnistas"],"_links":{"self":[{"href":"https:\/\/blogs.correiobraziliense.com.br\/servidor\/wp-json\/wp\/v2\/posts\/14585","targetHints":{"allow":["GET"]}}],"collection":[{"href":"https:\/\/blogs.correiobraziliense.com.br\/servidor\/wp-json\/wp\/v2\/posts"}],"about":[{"href":"https:\/\/blogs.correiobraziliense.com.br\/servidor\/wp-json\/wp\/v2\/types\/post"}],"author":[{"embeddable":true,"href":"https:\/\/blogs.correiobraziliense.com.br\/servidor\/wp-json\/wp\/v2\/users\/27"}],"replies":[{"embeddable":true,"href":"https:\/\/blogs.correiobraziliense.com.br\/servidor\/wp-json\/wp\/v2\/comments?post=14585"}],"version-history":[{"count":1,"href":"https:\/\/blogs.correiobraziliense.com.br\/servidor\/wp-json\/wp\/v2\/posts\/14585\/revisions"}],"predecessor-version":[{"id":14586,"href":"https:\/\/blogs.correiobraziliense.com.br\/servidor\/wp-json\/wp\/v2\/posts\/14585\/revisions\/14586"}],"wp:attachment":[{"href":"https:\/\/blogs.correiobraziliense.com.br\/servidor\/wp-json\/wp\/v2\/media?parent=14585"}],"wp:term":[{"taxonomy":"category","embeddable":true,"href":"https:\/\/blogs.correiobraziliense.com.br\/servidor\/wp-json\/wp\/v2\/categories?post=14585"},{"taxonomy":"post_tag","embeddable":true,"href":"https:\/\/blogs.correiobraziliense.com.br\/servidor\/wp-json\/wp\/v2\/tags?post=14585"}],"curies":[{"name":"wp","href":"https:\/\/api.w.org\/{rel}","templated":true}]}}