{"id":14583,"date":"2019-12-04T20:50:54","date_gmt":"2019-12-04T23:50:54","guid":{"rendered":"https:\/\/blogs.correiobraziliense.com.br\/servidor\/?p=14583"},"modified":"2019-12-04T20:50:54","modified_gmt":"2019-12-04T23:50:54","slug":"assibge-esclarecimentos-sobre-dados-economicos-brasileiros","status":"publish","type":"post","link":"https:\/\/blogs.correiobraziliense.com.br\/servidor\/assibge-esclarecimentos-sobre-dados-economicos-brasileiros\/","title":{"rendered":"AssIBGE &#8211; Esclarecimentos sobre dados econ\u00f4micos brasileiros"},"content":{"rendered":"<p><em>Por meio de nota, a Associa\u00e7\u00e3o dos Servidores do IBGE (AssIBGE) destaca que &#8220;a\u00a0acusa\u00e7\u00e3o de manipula\u00e7\u00e3o de dados, incompet\u00eancia ou mesmo neglig\u00eancia em uma revis\u00e3o de dados constitui pura leviandade e um imenso desrespeito aos servidores desses \u00f3rg\u00e3os, principalmente em tempos em que toda a produ\u00e7\u00e3o de conhecimento sofre ataques cotidianos&#8221;.<\/em><\/p>\n<p>Veja a nota:<\/p>\n<p>&#8220;No dia de ontem, a Secretaria de Com\u00e9rcio Exterior (Secex) do Minist\u00e9rio da Economia anunciou uma revis\u00e3o nos dados relativos as exporta\u00e7\u00f5es para os meses de Setembro, Outubro e Novembro de 2019. A revis\u00e3o ocorre em fun\u00e7\u00e3o de um erro de programa\u00e7\u00e3o no sistema mantido pelo Servi\u00e7o Federal de Processamento de Dados(Serpro).<\/p>\n<p>Nesse contexto, repercutiu na imprensa brasileira a mat\u00e9ria do jornal brit\u00e2nico Financial Times, com titulo &#8220;Falha em dados econ\u00f4micos brasileiros preocupa analistas&#8221;.\u00a0Ao contr\u00e1rio do que alguns sites brasileiros noticiaram, o Financial Times n\u00e3o apontou manipula\u00e7\u00e3o de dados, e sim um contexto de precariza\u00e7\u00e3o t\u00e9cnica.<\/p>\n<p>Nas palavras dos analistas ouvidos pelo jornal &#8220;n\u00e3o existe suspeita de que os dados foram manipulados&#8221; e &#8220;o mais prov\u00e1vel \u00e9 que a explica\u00e7\u00e3o real seja que o Minist\u00e9rio da Economia (&#8230;) tenha ca\u00eddo v\u00edtima das medidas de corte de custo que ele mesmo decretou. &#8216;As contrata\u00e7\u00f5es est\u00e3o congeladas e muita gente est\u00e1 se aposentando, e por isso eles est\u00e3o sobrecarregados&#8217; \u201d<\/p>\n<p>Cabe esclarecer que \u00f3rg\u00e3os do Governo Federal como Banco Central, Secretaria de Com\u00e9rcio Exterior e IBGE possuem uma longa tradi\u00e7\u00e3o na divulga\u00e7\u00e3o de dados estat\u00edsticos. A excel\u00eancia desse trabalho \u00e9 reconhecida nacional e internacionalmente. A constru\u00e7\u00e3o da robustez dessas informa\u00e7\u00f5es produzidas pelo Estado brasileiro s\u00f3 foi poss\u00edvel pela compet\u00eancia e dedica\u00e7\u00e3o de servidores comprometidos com a fun\u00e7\u00e3o p\u00fablica.<\/p>\n<p>Embora n\u00e3o seja o produtor dos dados impactados pela falha de programa\u00e7\u00e3o, o IBGE foi afetado pelo erro, na condi\u00e7\u00e3o de usu\u00e1rio da informa\u00e7\u00e3o, uma vez que os dados da Secex s\u00e3o utilizados para apura\u00e7\u00e3o do PIB pelo IBGE.<\/p>\n<p>A acusa\u00e7\u00e3o de manipula\u00e7\u00e3o de dados, incompet\u00eancia ou mesmo neglig\u00eancia em uma revis\u00e3o de dados constitui pura leviandade e um imenso desrespeito aos servidores desses \u00f3rg\u00e3os, principalmente em tempos em que toda a produ\u00e7\u00e3o de conhecimento sofre ataques cotidianos.<\/p>\n<p>As divulga\u00e7\u00f5es trimestrais do PIB pelo IBGE s\u00e3o sempre provis\u00f3rias, passando regularmente por revis\u00f5es posteriores &#8211; procedimento absolutamente normal e saud\u00e1vel. Nesse sentido, a corre\u00e7\u00e3o dos dados da Secex deve ser avaliada e os ajustes necess\u00e1rias feitos nos dados do PIB.<\/p>\n<p>Embora n\u00e3o recaia sobre o IBGE nenhuma suspeita ou d\u00favida sobre a capacidade t\u00e9cnica, o ocorrido nos causa preocupa\u00e7\u00e3o.<\/p>\n<p>A falha nos dados da Secex pode ser resultado do processo da precariedade or\u00e7amentaria e do desmonte do quadro de pessoal dos \u00f3rg\u00e3os t\u00e9cnicos, processo que tamb\u00e9m vitima o IBGE e representa um risco real ao sistema estat\u00edstico nacional. Al\u00e9m disso, \u00e9 preciso lembrar que o governo pretende privatizar o Serpro e a destrui\u00e7\u00e3o do \u00f3rg\u00e3o serve a esse prop\u00f3sito.<\/p>\n<p>Como aponta o pr\u00f3prio Financial Times, o Brasil \u00e9 refer\u00eancia internacional em qualidade dos dados. Esse \u00e9 um patrim\u00f4nio que deve ser defendido.<\/p>\n<p>AssIBGE &#8211; Sindicato Nacional (4\/12\/2019)&#8221;<\/p>\n","protected":false},"excerpt":{"rendered":"<p>Por meio de nota, a Associa\u00e7\u00e3o dos Servidores do IBGE (AssIBGE) destaca que &#8220;a\u00a0acusa\u00e7\u00e3o de manipula\u00e7\u00e3o de dados, incompet\u00eancia ou mesmo neglig\u00eancia em uma revis\u00e3o de dados constitui pura leviandade e um imenso desrespeito aos servidores desses \u00f3rg\u00e3os, principalmente em tempos em que toda a produ\u00e7\u00e3o de conhecimento sofre ataques cotidianos&#8221;. Veja a nota: &#8220;No dia de ontem, a Secretaria [&hellip;]<\/p>\n","protected":false},"author":27,"featured_media":0,"comment_status":"open","ping_status":"closed","sticky":false,"template":"","format":"standard","meta":{"footnotes":""},"categories":[2719],"tags":[4006,734,5792,167,7312,321,1552,7118,1221,14327,2125,2135,16531,3517,58],"class_list":["post-14583","post","type-post","status-publish","format-standard","hentry","category-servidor","tag-assibge","tag-brasileiros","tag-conhecimento","tag-dados","tag-economicos","tag-esclarecimentos","tag-exportacoes","tag-incompetencia","tag-manipulacao","tag-ministerio-da-economia","tag-negligencia","tag-revisao","tag-secez","tag-serpro","tag-servidores"],"_links":{"self":[{"href":"https:\/\/blogs.correiobraziliense.com.br\/servidor\/wp-json\/wp\/v2\/posts\/14583","targetHints":{"allow":["GET"]}}],"collection":[{"href":"https:\/\/blogs.correiobraziliense.com.br\/servidor\/wp-json\/wp\/v2\/posts"}],"about":[{"href":"https:\/\/blogs.correiobraziliense.com.br\/servidor\/wp-json\/wp\/v2\/types\/post"}],"author":[{"embeddable":true,"href":"https:\/\/blogs.correiobraziliense.com.br\/servidor\/wp-json\/wp\/v2\/users\/27"}],"replies":[{"embeddable":true,"href":"https:\/\/blogs.correiobraziliense.com.br\/servidor\/wp-json\/wp\/v2\/comments?post=14583"}],"version-history":[{"count":1,"href":"https:\/\/blogs.correiobraziliense.com.br\/servidor\/wp-json\/wp\/v2\/posts\/14583\/revisions"}],"predecessor-version":[{"id":14584,"href":"https:\/\/blogs.correiobraziliense.com.br\/servidor\/wp-json\/wp\/v2\/posts\/14583\/revisions\/14584"}],"wp:attachment":[{"href":"https:\/\/blogs.correiobraziliense.com.br\/servidor\/wp-json\/wp\/v2\/media?parent=14583"}],"wp:term":[{"taxonomy":"category","embeddable":true,"href":"https:\/\/blogs.correiobraziliense.com.br\/servidor\/wp-json\/wp\/v2\/categories?post=14583"},{"taxonomy":"post_tag","embeddable":true,"href":"https:\/\/blogs.correiobraziliense.com.br\/servidor\/wp-json\/wp\/v2\/tags?post=14583"}],"curies":[{"name":"wp","href":"https:\/\/api.w.org\/{rel}","templated":true}]}}