{"id":14562,"date":"2019-12-04T12:51:04","date_gmt":"2019-12-04T15:51:04","guid":{"rendered":"https:\/\/blogs.correiobraziliense.com.br\/servidor\/?p=14562"},"modified":"2019-12-04T12:51:04","modified_gmt":"2019-12-04T15:51:04","slug":"anpt-debate-sobre-a-mp-905-2019","status":"publish","type":"post","link":"https:\/\/blogs.correiobraziliense.com.br\/servidor\/anpt-debate-sobre-a-mp-905-2019\/","title":{"rendered":"ANPT -Debate sobre a MP 905\/2019"},"content":{"rendered":"<p>No pr\u00f3ximo dia 10 de dezembro, \u00e0s 20h30, a Escola da Associa\u00e7\u00e3o Nacional dos Procuradores do Trabalho (ANPT) far\u00e1 &#8220;aul\u00e3o ao vivo&#8221; sobre a Medida Provis\u00f3ria (MP) 905\/2019, proposta pelo governo federal, que, entre outras coisas, institui o Contrato de Trabalho Verde e Amarelo. A aula ser\u00e1 ministrada pelos professores Henrique Correia e \u00c9lisson Miessa e transmitida gratuitamente pelo perfil oficial da Escola no Instagram (@escola.da.anpt).https:\/\/bit.ly\/34KBNEd<\/p>\n<p><img loading=\"lazy\" decoding=\"async\" class=\"size-full wp-image-14563 aligncenter\" src=\"https:\/\/blogs.correiobraziliense.com.br\/servidor\/wp-content\/uploads\/sites\/10\/2019\/12\/aul\u00e3o-ANPT.jpg\" alt=\"\" width=\"914\" height=\"916\" \/><\/p>\n","protected":false},"excerpt":{"rendered":"<p>No pr\u00f3ximo dia 10 de dezembro, \u00e0s 20h30, a Escola da Associa\u00e7\u00e3o Nacional dos Procuradores do Trabalho (ANPT) far\u00e1 &#8220;aul\u00e3o ao vivo&#8221; sobre a Medida Provis\u00f3ria (MP) 905\/2019, proposta pelo governo federal, que, entre outras coisas, institui o Contrato de Trabalho Verde e Amarelo. A aula ser\u00e1 ministrada pelos professores Henrique Correia e \u00c9lisson Miessa e transmitida gratuitamente pelo perfil [&hellip;]<\/p>\n","protected":false},"author":27,"featured_media":0,"comment_status":"open","ping_status":"closed","sticky":false,"template":"","format":"standard","meta":{"footnotes":""},"categories":[2719],"tags":[4218,16524,16415],"class_list":["post-14562","post","type-post","status-publish","format-standard","hentry","category-servidor","tag-anpt","tag-contrato-de-trabalho-verde-e-amarelo","tag-mp-905-2019"],"_links":{"self":[{"href":"https:\/\/blogs.correiobraziliense.com.br\/servidor\/wp-json\/wp\/v2\/posts\/14562","targetHints":{"allow":["GET"]}}],"collection":[{"href":"https:\/\/blogs.correiobraziliense.com.br\/servidor\/wp-json\/wp\/v2\/posts"}],"about":[{"href":"https:\/\/blogs.correiobraziliense.com.br\/servidor\/wp-json\/wp\/v2\/types\/post"}],"author":[{"embeddable":true,"href":"https:\/\/blogs.correiobraziliense.com.br\/servidor\/wp-json\/wp\/v2\/users\/27"}],"replies":[{"embeddable":true,"href":"https:\/\/blogs.correiobraziliense.com.br\/servidor\/wp-json\/wp\/v2\/comments?post=14562"}],"version-history":[{"count":1,"href":"https:\/\/blogs.correiobraziliense.com.br\/servidor\/wp-json\/wp\/v2\/posts\/14562\/revisions"}],"predecessor-version":[{"id":14564,"href":"https:\/\/blogs.correiobraziliense.com.br\/servidor\/wp-json\/wp\/v2\/posts\/14562\/revisions\/14564"}],"wp:attachment":[{"href":"https:\/\/blogs.correiobraziliense.com.br\/servidor\/wp-json\/wp\/v2\/media?parent=14562"}],"wp:term":[{"taxonomy":"category","embeddable":true,"href":"https:\/\/blogs.correiobraziliense.com.br\/servidor\/wp-json\/wp\/v2\/categories?post=14562"},{"taxonomy":"post_tag","embeddable":true,"href":"https:\/\/blogs.correiobraziliense.com.br\/servidor\/wp-json\/wp\/v2\/tags?post=14562"}],"curies":[{"name":"wp","href":"https:\/\/api.w.org\/{rel}","templated":true}]}}