{"id":14558,"date":"2019-12-04T11:09:53","date_gmt":"2019-12-04T14:09:53","guid":{"rendered":"https:\/\/blogs.correiobraziliense.com.br\/servidor\/?p=14558"},"modified":"2019-12-04T11:09:53","modified_gmt":"2019-12-04T14:09:53","slug":"impostometro-da-acsp-bate-r-23-trilhoes-nesta-quinta-feira","status":"publish","type":"post","link":"https:\/\/blogs.correiobraziliense.com.br\/servidor\/impostometro-da-acsp-bate-r-23-trilhoes-nesta-quinta-feira\/","title":{"rendered":"Impost\u00f4metro da ACSP bate R$ 2,3 trilh\u00f5es nesta quinta-feira"},"content":{"rendered":"<p><em>Marca ser\u00e1 alcan\u00e7ada 14 dias antes do que em 2018 e representa o total pago para a Uni\u00e3o, estados e munic\u00edpios na forma de impostos, taxas, multas e contribui\u00e7\u00f5es.\u00a0At\u00e9 o final do ano, a estimativa da entidade \u00e9 que a arrecada\u00e7\u00e3o total chegue a R$ 2,5 trilh\u00f5es<\/em><\/p>\n<p>Os brasileiros ter\u00e3o pago R$ 2,3 trilh\u00f5es em tributos desde o in\u00edcio de 2019. O valor ser\u00e1 atingido nesta quinta-feira (5\/12), \u00e0s 11 horas, de acordo com o Impost\u00f4metro da Associa\u00e7\u00e3o Comercial de S\u00e3o Paulo (ACSP). O n\u00famero corresponde ao total pago para a Uni\u00e3o, estados e munic\u00edpios na forma de impostos, taxas, multas e contribui\u00e7\u00f5es.<\/p>\n<p>Em 2018, o painel apontou esse mesmo valor 14 dias mais tarde, em 19 de dezembro, mostrando que a arrecada\u00e7\u00e3o subiu de um ano para outro. &#8220;Mesmo com a economia fraca, a arrecada\u00e7\u00e3o vem com bom desempenho, confirmando mais uma vez, os problemas de finan\u00e7as p\u00fablicas no \u00e2mbito das despesas&#8221;, diz Marcel Solimeo, economista da ACSP.<\/p>\n<p>Nesse sentido, o economista da ACSP indica como positiva a ideia do governo de fazer modifica\u00e7\u00f5es no funcionalismo p\u00fablico para poder ter mais efici\u00eancia e tamb\u00e9m reduzir o montante que se gasta com pessoal, que teve crescimento abundante nos \u00faltimos cinco anos.<\/p>\n<p>At\u00e9 o final do ano, a estimativa da entidade \u00e9 que a arrecada\u00e7\u00e3o total chegue a R$ 2,5 trilh\u00f5es.<\/p>\n<p>O Impost\u00f4metro foi criado em 2005 pela ACSP para conscientizar os brasileiros sobre a alta carga tribut\u00e1ria e incentiv\u00e1-los a cobrar os governos por servi\u00e7os p\u00fablicos de mais qualidade. Est\u00e1 localizado na sede da ACSP, na Rua Boa Vista, centro da capital paulista. Outros munic\u00edpios e capitais se espelharam na iniciativa e instalaram seus pain\u00e9is. No portal www.impostometro.com.br \u00e9 poss\u00edvel visualizar valores arrecadados por per\u00edodo, estado, munic\u00edpio e categoria.<\/p>\n<p>&nbsp;<\/p>\n","protected":false},"excerpt":{"rendered":"<p>Marca ser\u00e1 alcan\u00e7ada 14 dias antes do que em 2018 e representa o total pago para a Uni\u00e3o, estados e munic\u00edpios na forma de impostos, taxas, multas e contribui\u00e7\u00f5es.\u00a0At\u00e9 o final do ano, a estimativa da entidade \u00e9 que a arrecada\u00e7\u00e3o total chegue a R$ 2,5 trilh\u00f5es Os brasileiros ter\u00e3o pago R$ 2,3 trilh\u00f5es em tributos desde o in\u00edcio de [&hellip;]<\/p>\n","protected":false},"author":27,"featured_media":0,"comment_status":"open","ping_status":"closed","sticky":false,"template":"","format":"standard","meta":{"footnotes":""},"categories":[2719],"tags":[14309,946,2488,943,9226,6220,2770,1496,944,3025,15296,330],"class_list":["post-14558","post","type-post","status-publish","format-standard","hentry","category-servidor","tag-acsp","tag-arrecadacao","tag-contribuicoes","tag-estados","tag-estimativa","tag-impostometro","tag-impostos","tag-multas","tag-municipios","tag-taxas","tag-trilhoes","tag-uniao"],"_links":{"self":[{"href":"https:\/\/blogs.correiobraziliense.com.br\/servidor\/wp-json\/wp\/v2\/posts\/14558","targetHints":{"allow":["GET"]}}],"collection":[{"href":"https:\/\/blogs.correiobraziliense.com.br\/servidor\/wp-json\/wp\/v2\/posts"}],"about":[{"href":"https:\/\/blogs.correiobraziliense.com.br\/servidor\/wp-json\/wp\/v2\/types\/post"}],"author":[{"embeddable":true,"href":"https:\/\/blogs.correiobraziliense.com.br\/servidor\/wp-json\/wp\/v2\/users\/27"}],"replies":[{"embeddable":true,"href":"https:\/\/blogs.correiobraziliense.com.br\/servidor\/wp-json\/wp\/v2\/comments?post=14558"}],"version-history":[{"count":1,"href":"https:\/\/blogs.correiobraziliense.com.br\/servidor\/wp-json\/wp\/v2\/posts\/14558\/revisions"}],"predecessor-version":[{"id":14559,"href":"https:\/\/blogs.correiobraziliense.com.br\/servidor\/wp-json\/wp\/v2\/posts\/14558\/revisions\/14559"}],"wp:attachment":[{"href":"https:\/\/blogs.correiobraziliense.com.br\/servidor\/wp-json\/wp\/v2\/media?parent=14558"}],"wp:term":[{"taxonomy":"category","embeddable":true,"href":"https:\/\/blogs.correiobraziliense.com.br\/servidor\/wp-json\/wp\/v2\/categories?post=14558"},{"taxonomy":"post_tag","embeddable":true,"href":"https:\/\/blogs.correiobraziliense.com.br\/servidor\/wp-json\/wp\/v2\/tags?post=14558"}],"curies":[{"name":"wp","href":"https:\/\/api.w.org\/{rel}","templated":true}]}}