{"id":14553,"date":"2019-12-03T16:16:03","date_gmt":"2019-12-03T19:16:03","guid":{"rendered":"https:\/\/blogs.correiobraziliense.com.br\/servidor\/?p=14553"},"modified":"2019-12-03T16:16:03","modified_gmt":"2019-12-03T19:16:03","slug":"doce-rebelde","status":"publish","type":"post","link":"https:\/\/blogs.correiobraziliense.com.br\/servidor\/doce-rebelde\/","title":{"rendered":"&#8220;Doce Rebelde&#8221;"},"content":{"rendered":"<p><em>Em comemora\u00e7\u00e3o aos 60 anos da Advocacia Riedel, o patriarca Ulisses Ridel lan\u00e7a o livro &#8220;Doce Rebelde&#8221;, no Centro de Conven\u00e7\u00f5es Ulisses Guimar\u00e3es. No evento tamb\u00e9m haver\u00e1 a palestra &#8220;Advocacia entre reformas e perspectivas futuras&#8221;<\/em><\/p>\n<p><img loading=\"lazy\" decoding=\"async\" class=\"alignright size-large wp-image-14554\" src=\"https:\/\/blogs.correiobraziliense.com.br\/servidor\/wp-content\/uploads\/sites\/10\/2019\/12\/WhatsApp-Image-2019-12-03-at-11.53.33-1024x1024.jpeg\" alt=\"\" width=\"1024\" height=\"1024\" srcset=\"https:\/\/blogs.correiobraziliense.com.br\/servidor\/wp-content\/uploads\/sites\/10\/2019\/12\/WhatsApp-Image-2019-12-03-at-11.53.33-1024x1024.jpeg 1024w, https:\/\/blogs.correiobraziliense.com.br\/servidor\/wp-content\/uploads\/sites\/10\/2019\/12\/WhatsApp-Image-2019-12-03-at-11.53.33-150x150.jpeg 150w, https:\/\/blogs.correiobraziliense.com.br\/servidor\/wp-content\/uploads\/sites\/10\/2019\/12\/WhatsApp-Image-2019-12-03-at-11.53.33-300x300.jpeg 300w, https:\/\/blogs.correiobraziliense.com.br\/servidor\/wp-content\/uploads\/sites\/10\/2019\/12\/WhatsApp-Image-2019-12-03-at-11.53.33-768x768.jpeg 768w, https:\/\/blogs.correiobraziliense.com.br\/servidor\/wp-content\/uploads\/sites\/10\/2019\/12\/WhatsApp-Image-2019-12-03-at-11.53.33-350x350.jpeg 350w, https:\/\/blogs.correiobraziliense.com.br\/servidor\/wp-content\/uploads\/sites\/10\/2019\/12\/WhatsApp-Image-2019-12-03-at-11.53.33-550x550.jpeg 550w, https:\/\/blogs.correiobraziliense.com.br\/servidor\/wp-content\/uploads\/sites\/10\/2019\/12\/WhatsApp-Image-2019-12-03-at-11.53.33-230x230.jpeg 230w, https:\/\/blogs.correiobraziliense.com.br\/servidor\/wp-content\/uploads\/sites\/10\/2019\/12\/WhatsApp-Image-2019-12-03-at-11.53.33.jpeg 1280w\" sizes=\"auto, (max-width: 1024px) 100vw, 1024px\" \/><\/p>\n","protected":false},"excerpt":{"rendered":"<p>Em comemora\u00e7\u00e3o aos 60 anos da Advocacia Riedel, o patriarca Ulisses Ridel lan\u00e7a o livro &#8220;Doce Rebelde&#8221;, no Centro de Conven\u00e7\u00f5es Ulisses Guimar\u00e3es. No evento tamb\u00e9m haver\u00e1 a palestra &#8220;Advocacia entre reformas e perspectivas futuras&#8221;<\/p>\n","protected":false},"author":27,"featured_media":0,"comment_status":"open","ping_status":"closed","sticky":false,"template":"","format":"standard","meta":{"footnotes":""},"categories":[2719],"tags":[465,1079,7751,1893,16520],"class_list":["post-14553","post","type-post","status-publish","format-standard","hentry","category-servidor","tag-advocacia","tag-livro","tag-palestra","tag-reformas","tag-riedel"],"_links":{"self":[{"href":"https:\/\/blogs.correiobraziliense.com.br\/servidor\/wp-json\/wp\/v2\/posts\/14553","targetHints":{"allow":["GET"]}}],"collection":[{"href":"https:\/\/blogs.correiobraziliense.com.br\/servidor\/wp-json\/wp\/v2\/posts"}],"about":[{"href":"https:\/\/blogs.correiobraziliense.com.br\/servidor\/wp-json\/wp\/v2\/types\/post"}],"author":[{"embeddable":true,"href":"https:\/\/blogs.correiobraziliense.com.br\/servidor\/wp-json\/wp\/v2\/users\/27"}],"replies":[{"embeddable":true,"href":"https:\/\/blogs.correiobraziliense.com.br\/servidor\/wp-json\/wp\/v2\/comments?post=14553"}],"version-history":[{"count":1,"href":"https:\/\/blogs.correiobraziliense.com.br\/servidor\/wp-json\/wp\/v2\/posts\/14553\/revisions"}],"predecessor-version":[{"id":14555,"href":"https:\/\/blogs.correiobraziliense.com.br\/servidor\/wp-json\/wp\/v2\/posts\/14553\/revisions\/14555"}],"wp:attachment":[{"href":"https:\/\/blogs.correiobraziliense.com.br\/servidor\/wp-json\/wp\/v2\/media?parent=14553"}],"wp:term":[{"taxonomy":"category","embeddable":true,"href":"https:\/\/blogs.correiobraziliense.com.br\/servidor\/wp-json\/wp\/v2\/categories?post=14553"},{"taxonomy":"post_tag","embeddable":true,"href":"https:\/\/blogs.correiobraziliense.com.br\/servidor\/wp-json\/wp\/v2\/tags?post=14553"}],"curies":[{"name":"wp","href":"https:\/\/api.w.org\/{rel}","templated":true}]}}