{"id":1455,"date":"2016-04-10T17:47:04","date_gmt":"2016-04-10T20:47:04","guid":{"rendered":"https:\/\/blogs.correiobraziliense.com.br\/servidor\/?p=1455"},"modified":"2016-04-10T17:47:04","modified_gmt":"2016-04-10T20:47:04","slug":"semana-comeca-agitada-para-os-servidores","status":"publish","type":"post","link":"https:\/\/blogs.correiobraziliense.com.br\/servidor\/semana-comeca-agitada-para-os-servidores\/","title":{"rendered":"SEMANA COME\u00c7A AGITADA PARA OS SERVIDORES"},"content":{"rendered":"<p><em>Na segunda-feira (11), uma audi\u00eancia p\u00fablica proposta pelo senador Paulo Paim, vai debater o conte\u00fado do PLP 257\/2016 que est\u00e1 sendo chamado de &#8220;pacote anti-servi\u00e7o p\u00fablico&#8221;. De acordo com entidades sindicais, a proposta do Executivo retira direitos do funcionalismo. Na quinta-feira (14), ato em frente ao Anexo III da C\u00e2mara dos Deputados a partir das 9 horas<\/em><\/p>\n<p>A pr\u00f3xima semana ser\u00e1 marcada por atividades que ter\u00e3o como foco a retirada do PLP 257\/2016 (<a href=\"http:\/\/www.camara.gov.br\/proposicoesWeb\/fichadetramitacao?idProposicao=2080237\">veja aqui<\/a>) do Congresso Nacional. Na segunda-feira, 11, uma audi\u00eancia p\u00fablica proposta pelo senador Paulo Paim, vai debater o tema. O projeto, enviado pelo governo com regime de urg\u00eancia constitucional, tem o objetivo central de alongar a d\u00edvida dos estados com a Uni\u00e3o. No entender do F\u00f3rum das Entidades Nacionais dos Servidores P\u00fablicos Federais (Fonasef), no mesmo pacote est\u00e1 prevista uma profunda reforma administrativa, que retira direitos de milh\u00f5es de trabalhadores, al\u00e9m de propor a interrup\u00e7\u00e3o da pol\u00edtica de valoriza\u00e7\u00e3o do sal\u00e1rio m\u00ednimo.<\/p>\n<p>Segundo a Confedera\u00e7\u00e3o Nacional dos Trabalhadores no Servi\u00e7o P\u00fablico Federal (Condsef), entidades representativas de servidores p\u00fablicos de todas as esferas est\u00e3o unidas, em conjunto com centrais sindicais, em um trabalho permanente pela retirada do PLP 257\/16 que est\u00e1 sendo chamado de pacote anti-servi\u00e7o p\u00fablico. A Condsef e suas filiadas participam de toda a agenda.<\/p>\n<p>Ao longo da semana ser\u00e1 mantido o trabalho de for\u00e7a tarefa permanente no Congresso para impedir a vota\u00e7\u00e3o e aprova\u00e7\u00e3o do PLP. Na quarta, 13, acontecem novas atividades com o objetivo de pressionar os parlamentares pela retirada definitiva do projeto. &#8220;Lideran\u00e7as do pr\u00f3prio governo j\u00e1 admitem o desmembramento das propostas contidas no PLP garantindo a discuss\u00e3o do alongamento das d\u00edvidas dos estados sem os condicionantes que retiram direitos da classe trabalhadora. Haver\u00e1 tamb\u00e9m movimenta\u00e7\u00e3o em todo o Brasil com atividades de press\u00e3o e convencimento de parlamentares tamb\u00e9m em seus estados de origem&#8221;, informou a Condsef.<\/p>\n<p>No dia 14, quinta, est\u00e1 prevista uma grande atividade do Fonasef, em Bras\u00edlia, que ser\u00e1 um ato concentrado em defesa dos servi\u00e7os p\u00fablicos. Esse dia nacional de lutas tamb\u00e9m deve acontecer com atividades em todas as capitais brasileiras e deve cobrar do governo o atendimento de propostas j\u00e1 firmadas em 2015. A concentra\u00e7\u00e3o para esse ato acontece em frente ao Anexo III da C\u00e2mara dos Deputados a partir das 9 horas.<\/p>\n","protected":false},"excerpt":{"rendered":"<p>Na segunda-feira (11), uma audi\u00eancia p\u00fablica proposta pelo senador Paulo Paim, vai debater o conte\u00fado do PLP 257\/2016 que est\u00e1 sendo chamado de &#8220;pacote anti-servi\u00e7o p\u00fablico&#8221;. De acordo com entidades sindicais, a proposta do Executivo retira direitos do funcionalismo. Na quinta-feira (14), ato em frente ao Anexo III da C\u00e2mara dos Deputados a partir das 9 horas A pr\u00f3xima semana [&hellip;]<\/p>\n","protected":false},"author":27,"featured_media":0,"comment_status":"open","ping_status":"closed","sticky":false,"template":"","format":"standard","meta":{"footnotes":""},"categories":[1],"tags":[1640,61,1639,100,1526,98,1485,1562,610,58],"class_list":["post-1455","post","type-post","status-publish","format-standard","hentry","category-sem-categoria","tag-agitada","tag-camara","tag-comeca","tag-congresso","tag-fonasef","tag-governo","tag-pacote","tag-plp-2572016","tag-semana","tag-servidores"],"_links":{"self":[{"href":"https:\/\/blogs.correiobraziliense.com.br\/servidor\/wp-json\/wp\/v2\/posts\/1455","targetHints":{"allow":["GET"]}}],"collection":[{"href":"https:\/\/blogs.correiobraziliense.com.br\/servidor\/wp-json\/wp\/v2\/posts"}],"about":[{"href":"https:\/\/blogs.correiobraziliense.com.br\/servidor\/wp-json\/wp\/v2\/types\/post"}],"author":[{"embeddable":true,"href":"https:\/\/blogs.correiobraziliense.com.br\/servidor\/wp-json\/wp\/v2\/users\/27"}],"replies":[{"embeddable":true,"href":"https:\/\/blogs.correiobraziliense.com.br\/servidor\/wp-json\/wp\/v2\/comments?post=1455"}],"version-history":[{"count":1,"href":"https:\/\/blogs.correiobraziliense.com.br\/servidor\/wp-json\/wp\/v2\/posts\/1455\/revisions"}],"predecessor-version":[{"id":1456,"href":"https:\/\/blogs.correiobraziliense.com.br\/servidor\/wp-json\/wp\/v2\/posts\/1455\/revisions\/1456"}],"wp:attachment":[{"href":"https:\/\/blogs.correiobraziliense.com.br\/servidor\/wp-json\/wp\/v2\/media?parent=1455"}],"wp:term":[{"taxonomy":"category","embeddable":true,"href":"https:\/\/blogs.correiobraziliense.com.br\/servidor\/wp-json\/wp\/v2\/categories?post=1455"},{"taxonomy":"post_tag","embeddable":true,"href":"https:\/\/blogs.correiobraziliense.com.br\/servidor\/wp-json\/wp\/v2\/tags?post=1455"}],"curies":[{"name":"wp","href":"https:\/\/api.w.org\/{rel}","templated":true}]}}