{"id":14533,"date":"2019-11-30T16:12:09","date_gmt":"2019-11-30T19:12:09","guid":{"rendered":"https:\/\/blogs.correiobraziliense.com.br\/servidor\/?p=14533"},"modified":"2019-11-30T16:12:09","modified_gmt":"2019-11-30T19:12:09","slug":"centrais-iniciam-os-quatro-meses-de-luta-intensa-em-defesa-dos-servicos-publicos-nas-tres-esferas","status":"publish","type":"post","link":"https:\/\/blogs.correiobraziliense.com.br\/servidor\/centrais-iniciam-os-quatro-meses-de-luta-intensa-em-defesa-dos-servicos-publicos-nas-tres-esferas\/","title":{"rendered":"Centrais iniciam os quatro meses de luta intensa em defesa dos servi\u00e7os p\u00fablicos nas tr\u00eas esferas"},"content":{"rendered":"<p><em>Em 2020, o governo vai ter de enfrentar o movimento social que despertou da letargia e reage a mudan\u00e7as consideradas inconstitucionais. Os pr\u00f3ximos dias ser\u00e3o movimentados:\u00a0 de 2 a 6 de dezembro, haver\u00e1 uma semana de agita\u00e7\u00e3o e panfletagem contra a MP 905, as PECs 186, 187 e 188 e o Pacote de ajustes do ministro da Economia, Paulo Guedes. A MP 905 criou o contrato de trabalho verde e amarelo. As demais &#8211; PEC Emergencial (186\/2019), PEC da Revis\u00e3o dos Fundos (187\/2019) e PEC do Pacto Federativo (188\/2019) &#8211; fazem parte do pacote enviado pelo governo ao Congresso em 5 de novembro<\/em><\/p>\n<p>.Mas os protestos n\u00e3o param por a\u00ed. Em 12 de fevereiro de 2020, acontecer\u00e1 uma atividade no Audit\u00f3rio Nereu Ramos da C\u00e2mara dos Deputados, para debater as PECs e esclarecer a popula\u00e7\u00e3o sobre os riscos das altera\u00e7\u00f5es nas leis. O objetivo \u00e9 tamb\u00e9m refor\u00e7ar o dia 8 de mar\u00e7o, Dia Internacional da Mulher, como um momento importante de resist\u00eancia dos trabalhadores. O dia 18 de mar\u00e7o foi marcado como uma data nacional de paralisa\u00e7\u00e3o, mobiliza\u00e7\u00e3o, protestos e greves. H\u00e1 previs\u00e3o, ainda, de novas discuss\u00e3o sobre &#8220;a necessidade de uma greve geral no pa\u00eds&#8221;, informam as centrais sindicais<\/p>\n<p>O calend\u00e1rio foi decidido na \u00faltima ter\u00e7a-feira (26 de novembro). Em continuidade \u00e0s atividades da Plen\u00e1ria Nacional \u2212 Em Defesa dos Servi\u00e7os P\u00fablicos Municipal, Estadual e Federal, das Empresas Estatais, do Brasil e dos Trabalhadores \u2212, as diversas entidades que organizam as categorias das tr\u00eas esferas do funcionalismo aprovaram o plano de lutas para o pr\u00f3ximo per\u00edodo e um manifesto unificado que, entre outros pontos, destaca a import\u00e2ncia do servi\u00e7o p\u00fablico para a sociedade. A plen\u00e1ria teve ainda representa\u00e7\u00e3o de parlamentares que apoiam a causa.<\/p>\n<p>No\u00a0 plano de lutas, reiteram as centrais, &#8220;todas as a\u00e7\u00f5es t\u00eam o objetivo de defender e fortalecer o servi\u00e7o e os\/as servidores\/as p\u00fablicos\/as.&#8221;. &#8220;A\u00e7\u00f5es voltadas para a \u00e1rea da comunica\u00e7\u00e3o tamb\u00e9m comp\u00f5em o plano de lutas. Como parte delas, as centrais devem potencializar a divulga\u00e7\u00e3o do manifesto aprovado na Plen\u00e1ria em seus sites e redes sociais. Al\u00e9m disso, nos pr\u00f3ximos dias, os setores de comunica\u00e7\u00e3o das entidades se reunir\u00e3o para discutir uma campanha publicit\u00e1ria unificada de defesas dos servi\u00e7os p\u00fablicos e das estatais&#8221;, refor\u00e7am.<\/p>\n<p>Em parceria com as frentes parlamentares, as centrais far\u00e3o eventos nas Assembleias Legislativas e nas C\u00e2maras Municipais. &#8220;A ideia que \u00e9 sejam aprovadas mo\u00e7\u00f5es dirigidas aos deputados federais e senadores evidenciando a indigna\u00e7\u00e3o da popula\u00e7\u00e3o contra os projetos que enfraquecem o servi\u00e7o p\u00fablico&#8221;, divulgam. A inten\u00e7\u00e3o \u00e9 tamb\u00e9m unificar as a\u00e7\u00f5es nas duas casas do Congresso Nacional, Assembleias Estaduais, e C\u00e2maras Municipais. E repercut\u00ed-las nos Poderes Executivo, Legislativo e Judici\u00e1rio. E tamb\u00e9m estrat\u00e9gia de mobiliza\u00e7\u00e3o unit\u00e1ria no campo jur\u00eddico.<\/p>\n<p><strong>O manifesto<\/strong><\/p>\n<p>Entre outros pontos, o manifesto aprovado na Plen\u00e1ria Nacional aponta investidas do governo do presidente Bolsonaro contra o servi\u00e7o p\u00fablico e os servidores. O texto ressalta a import\u00e2ncia da manuten\u00e7\u00e3o de servi\u00e7os essenciais como p\u00fablicos e fundamentais para a soberania nacional. \u201cUm pa\u00eds rico em recursos naturais precisa ter empresas estatais e p\u00fablicas fortes e servi\u00e7os p\u00fablicos municipais, estaduais e federais de qualidade, prestados gratuitamente ao povo. Ao inv\u00e9s de retirar direitos e recursos financeiros, \u00e9 preciso investir nos servi\u00e7os p\u00fablicos de qualidade\u201d, diz trecho do documento.<\/p>\n<p>O presidente da CUT Bras\u00edlia, Rodrigo Rodrigues, destacou que se faz \u201curgente defender os servidores e as estatais, alvos preferenciais do governo de Bolsonaro\u201d. \u201cO Estado tem a for\u00e7a capaz de promover as pol\u00edticas de emancipa\u00e7\u00e3o da classe trabalhadora e daqueles que mais precisam\u201d, disse. J\u00e1 o presidente nacional da CUT, S\u00e9rgio Nobre, afirmou que os momentos em que Brasil cresceu economicamente e socialmente \u2212 sendo considerado, inclusive, uma pot\u00eancia mundial \u2212 s\u00f3 foram poss\u00edveis porque tiveram o estado como estimulador. \u201cA iniciativa privada n\u00e3o tem condi\u00e7\u00f5es de alavancar a economia do pa\u00eds. Ser\u00e1 uma luta desafiadora, mas com essa unidade de hoje, conseguiremos vencer\u201d, disse.<\/p>\n<p>A presidenta da Associa\u00e7\u00e3o Brasileira de Advogados Trabalhistas (Abrat), Alessandra Camarano, apontou que o sistema de justi\u00e7atem sido usado para criminalizar a mobiliza\u00e7\u00e3o de trabalhadores. Como exemplo, ela citou o Sindicato dos Rodovi\u00e1rios, que, por participar da greve geral, teve quatro a\u00e7\u00f5es judiciais ajuizadas em tribunais diferentes. \u201cTemos a justi\u00e7a que quer coibir a mobiliza\u00e7\u00e3o da classe, para assim, mergulhamos em um sistema de autoritarismo. Vivemos, hoje, uma democracia de fachada. Existe a democracia, mas as decis\u00f5es tomadas pela justi\u00e7a s\u00e3o usadas como mote para calar a voz do trabalhador. N\u00e3o podemos nos calar\u201d, finalizou.<\/p>\n<p>&nbsp;<\/p>\n","protected":false},"excerpt":{"rendered":"<p>Em 2020, o governo vai ter de enfrentar o movimento social que despertou da letargia e reage a mudan\u00e7as consideradas inconstitucionais. Os pr\u00f3ximos dias ser\u00e3o movimentados:\u00a0 de 2 a 6 de dezembro, haver\u00e1 uma semana de agita\u00e7\u00e3o e panfletagem contra a MP 905, as PECs 186, 187 e 188 e o Pacote de ajustes do ministro da Economia, Paulo Guedes. [&hellip;]<\/p>\n","protected":false},"author":27,"featured_media":0,"comment_status":"open","ping_status":"closed","sticky":false,"template":"","format":"standard","meta":{"footnotes":""},"categories":[2719],"tags":[16501,61,1101,100,1201,1298,8627,1689,1727,9,59,98,64,10,16496,1690,1485,268,16498,16499,16500,16497,3839,555,316,696,39,16495,3859],"class_list":["post-14533","post","type-post","status-publish","format-standard","hentry","category-servidor","tag-assembleias-legilslativas","tag-camara","tag-centrais-sindicais","tag-congresso","tag-defesa","tag-deputados","tag-esferas","tag-estaduais","tag-estatais","tag-executivo","tag-federais","tag-governo","tag-judiciario","tag-legislativo","tag-mp905","tag-municipais","tag-pacote","tag-parlamentares","tag-pec-186-2019","tag-pec-187-2019","tag-pec-188-2019","tag-pec-emergencial","tag-poderes","tag-protestos","tag-recursos","tag-senado","tag-senadores","tag-servicos-publico","tag-soberania"],"_links":{"self":[{"href":"https:\/\/blogs.correiobraziliense.com.br\/servidor\/wp-json\/wp\/v2\/posts\/14533","targetHints":{"allow":["GET"]}}],"collection":[{"href":"https:\/\/blogs.correiobraziliense.com.br\/servidor\/wp-json\/wp\/v2\/posts"}],"about":[{"href":"https:\/\/blogs.correiobraziliense.com.br\/servidor\/wp-json\/wp\/v2\/types\/post"}],"author":[{"embeddable":true,"href":"https:\/\/blogs.correiobraziliense.com.br\/servidor\/wp-json\/wp\/v2\/users\/27"}],"replies":[{"embeddable":true,"href":"https:\/\/blogs.correiobraziliense.com.br\/servidor\/wp-json\/wp\/v2\/comments?post=14533"}],"version-history":[{"count":1,"href":"https:\/\/blogs.correiobraziliense.com.br\/servidor\/wp-json\/wp\/v2\/posts\/14533\/revisions"}],"predecessor-version":[{"id":14534,"href":"https:\/\/blogs.correiobraziliense.com.br\/servidor\/wp-json\/wp\/v2\/posts\/14533\/revisions\/14534"}],"wp:attachment":[{"href":"https:\/\/blogs.correiobraziliense.com.br\/servidor\/wp-json\/wp\/v2\/media?parent=14533"}],"wp:term":[{"taxonomy":"category","embeddable":true,"href":"https:\/\/blogs.correiobraziliense.com.br\/servidor\/wp-json\/wp\/v2\/categories?post=14533"},{"taxonomy":"post_tag","embeddable":true,"href":"https:\/\/blogs.correiobraziliense.com.br\/servidor\/wp-json\/wp\/v2\/tags?post=14533"}],"curies":[{"name":"wp","href":"https:\/\/api.w.org\/{rel}","templated":true}]}}