{"id":14531,"date":"2019-11-30T14:56:04","date_gmt":"2019-11-30T17:56:04","guid":{"rendered":"https:\/\/blogs.correiobraziliense.com.br\/servidor\/?p=14531"},"modified":"2019-11-30T14:56:04","modified_gmt":"2019-11-30T17:56:04","slug":"apex-brasil-conselho-deliberativo-aprova-novo-estatuto-social","status":"publish","type":"post","link":"https:\/\/blogs.correiobraziliense.com.br\/servidor\/apex-brasil-conselho-deliberativo-aprova-novo-estatuto-social\/","title":{"rendered":"Apex-Brasil &#8211; Conselho Deliberativo aprova novo Estatuto Social"},"content":{"rendered":"<p><em>Altera\u00e7\u00f5es para refor\u00e7ar sistema de governan\u00e7a e compliance da A Ag\u00eancia Brasileira de Promo\u00e7\u00e3o de Exporta\u00e7\u00f5es e Investimentos (Apex-Brasil) foram aprovadas por unanimidade pelos nove membros do Conselho Deliberativo (CDA), presidido pelo ministro das Rela\u00e7\u00f5es Exteriores, Ernesto Ara\u00fajo, informa o \u00f3rg\u00e3o<\/em><\/p>\n<p>Em reuni\u00e3o no dia 28 de novembro de 2109, o Conselho Deliberativo da Apex-Brasil (CDA) aprovou a nova reda\u00e7\u00e3o proposta pela Ag\u00eancia para o Estatuto Social, que \u00e9 a norma interna mais relevante da institui\u00e7\u00e3o, destaca a nota enviada pela Apex. &#8220;Foram feitas altera\u00e7\u00f5es em boa parte dos artigos do documento, todas com o objetivo de aperfei\u00e7oar os mecanismos e instrumentos de governan\u00e7a e compliance da institui\u00e7\u00e3o, garantindo ainda mais transpar\u00eancia e integridade na gest\u00e3o da Ag\u00eancia. As altera\u00e7\u00f5es seguiram toda a legisla\u00e7\u00e3o pertinente e, tamb\u00e9m, as melhores pr\u00e1ticas de governan\u00e7a p\u00fablica e privada&#8221;, refor\u00e7a o texto.<\/p>\n<p>A reuni\u00e3o de aprova\u00e7\u00e3o das altera\u00e7\u00f5es foi presidida pelo presidente do Conselho, o ministro das Rela\u00e7\u00f5es Exteriores, Ernesto Ara\u00fajo, e contou com a presen\u00e7a de representantes de todos os \u00f3rg\u00e3os e entidades que comp\u00f5em o CDA. O CDA \u00e9 composto pelas seguintes institui\u00e7\u00f5es: MRE, Minist\u00e9rio da Agricultura, Pecu\u00e1ria e Abastecimento (MAPA), Minist\u00e9rio da Economia (ME), Secretaria Especial do Programa de Parceiras de Investimentos (PPI), Banco Nacional do Desenvolvimento Econ\u00f4mico e Social (BNDES), Confedera\u00e7\u00e3o Nacional da Ind\u00fastria (CNI), Confedera\u00e7\u00e3o Nacional da Agricultura e Pecu\u00e1ria do Brasil (CNA), Servi\u00e7o Brasileiro de Apoio \u00e0s Micro e Pequenas Empresas (Sebrae) e Associa\u00e7\u00e3o de Com\u00e9rcio Exterior do Brasil (AEB).<\/p>\n<p>Dentre as altera\u00e7\u00f5es, destaca-se a determina\u00e7\u00e3o de que o C\u00f3digo de \u00c9tica e Conduta da Apex-Brasil passa a ser objeto de delibera\u00e7\u00e3o do CDA, conferindo a relev\u00e2ncia e a abrang\u00eancia que o instrumento exige. O Estatuto tamb\u00e9m passa a incluir a obriga\u00e7\u00e3o de que a Apex-Brasil mantenha sistema de gest\u00e3o de risco e controle interno e ouvidoria, pontos que j\u00e1 fazem parte da estrutura interna na Ag\u00eancia, mas n\u00e3o estavam expressamente previstos no Estatuto Social.<\/p>\n<p>&#8220;As altera\u00e7\u00f5es no Estatuto Social refor\u00e7am o comprometimento desta Diretoria Executiva e do CDA com o fortalecimento institucional da Apex-Brasil. Ao final, queremos garantir a estrutura\u00e7\u00e3o de uma gest\u00e3o respons\u00e1vel, \u00edntegra e transparente&#8221;, explica o presidente da Apex-Brasil, Sergio Segovia. &#8220;A aprova\u00e7\u00e3o, para a qual contamos com a parceria e envolvimento de todos os Conselheiros, traz mais seguran\u00e7a e previsibilidade para a Apex-Brasil&#8221;, conclui.<\/p>\n<p>Durante a reuni\u00e3o, o CDA tamb\u00e9m aprovou o Plano Estrat\u00e9gico da Apex-Brasil para o quadri\u00eanio 2020-2023, o Plano de A\u00e7\u00e3o para 2020 e o Or\u00e7amento-Programa para 2020.<\/p>\n<p><strong>Apex-Brasil<\/strong><\/p>\n<p>A Apex-Brasil \u00e9 uma associa\u00e7\u00e3o civil, de direito privado, sem fins lucrativos, de interesse coletivo e de utilidade p\u00fablica, institu\u00edda pelo Decreto 4.584 de 2003, alterado pelo Decreto 8.788 de 2016, sob a forma de Servi\u00e7o Social Aut\u00f4nomo. Ela \u00e9 regida, precipuamente, pelo seu Estatuto Social, pela Lei n\u00ba 10.668\/2003 e pelo mencionado Decreto.<\/p>\n","protected":false},"excerpt":{"rendered":"<p>Altera\u00e7\u00f5es para refor\u00e7ar sistema de governan\u00e7a e compliance da A Ag\u00eancia Brasileira de Promo\u00e7\u00e3o de Exporta\u00e7\u00f5es e Investimentos (Apex-Brasil) foram aprovadas por unanimidade pelos nove membros do Conselho Deliberativo (CDA), presidido pelo ministro das Rela\u00e7\u00f5es Exteriores, Ernesto Ara\u00fajo, informa o \u00f3rg\u00e3o Em reuni\u00e3o no dia 28 de novembro de 2109, o Conselho Deliberativo da Apex-Brasil (CDA) aprovou a nova reda\u00e7\u00e3o [&hellip;]<\/p>\n","protected":false},"author":27,"featured_media":0,"comment_status":"open","ping_status":"closed","sticky":false,"template":"","format":"standard","meta":{"footnotes":""},"categories":[2719],"tags":[10694,16494,2739,10593,5620,2768,5990,5890,315,566,7230,14,14327,2126,437,2531,5587,168],"class_list":["post-14531","post","type-post","status-publish","format-standard","hentry","category-servidor","tag-aeb","tag-apex-brasil","tag-bndes","tag-cda","tag-cna","tag-cni","tag-compliance","tag-estatuto-social","tag-gestao","tag-governanca","tag-investimetnos","tag-mapa","tag-ministerio-da-economia","tag-mre","tag-norma","tag-ppi","tag-sebrae","tag-transparencia"],"_links":{"self":[{"href":"https:\/\/blogs.correiobraziliense.com.br\/servidor\/wp-json\/wp\/v2\/posts\/14531","targetHints":{"allow":["GET"]}}],"collection":[{"href":"https:\/\/blogs.correiobraziliense.com.br\/servidor\/wp-json\/wp\/v2\/posts"}],"about":[{"href":"https:\/\/blogs.correiobraziliense.com.br\/servidor\/wp-json\/wp\/v2\/types\/post"}],"author":[{"embeddable":true,"href":"https:\/\/blogs.correiobraziliense.com.br\/servidor\/wp-json\/wp\/v2\/users\/27"}],"replies":[{"embeddable":true,"href":"https:\/\/blogs.correiobraziliense.com.br\/servidor\/wp-json\/wp\/v2\/comments?post=14531"}],"version-history":[{"count":1,"href":"https:\/\/blogs.correiobraziliense.com.br\/servidor\/wp-json\/wp\/v2\/posts\/14531\/revisions"}],"predecessor-version":[{"id":14532,"href":"https:\/\/blogs.correiobraziliense.com.br\/servidor\/wp-json\/wp\/v2\/posts\/14531\/revisions\/14532"}],"wp:attachment":[{"href":"https:\/\/blogs.correiobraziliense.com.br\/servidor\/wp-json\/wp\/v2\/media?parent=14531"}],"wp:term":[{"taxonomy":"category","embeddable":true,"href":"https:\/\/blogs.correiobraziliense.com.br\/servidor\/wp-json\/wp\/v2\/categories?post=14531"},{"taxonomy":"post_tag","embeddable":true,"href":"https:\/\/blogs.correiobraziliense.com.br\/servidor\/wp-json\/wp\/v2\/tags?post=14531"}],"curies":[{"name":"wp","href":"https:\/\/api.w.org\/{rel}","templated":true}]}}