{"id":1453,"date":"2016-04-09T20:56:26","date_gmt":"2016-04-09T23:56:26","guid":{"rendered":"https:\/\/blogs.correiobraziliense.com.br\/servidor\/?p=1453"},"modified":"2016-04-09T20:56:26","modified_gmt":"2016-04-09T23:56:26","slug":"honorarios-advocaticios-fora-da-conta-do-tesouro","status":"publish","type":"post","link":"https:\/\/blogs.correiobraziliense.com.br\/servidor\/honorarios-advocaticios-fora-da-conta-do-tesouro\/","title":{"rendered":"HONOR\u00c1RIOS ADVOCAT\u00cdCIOS FORA DA CONTA DO TESOURO"},"content":{"rendered":"<p>Na sexta-feira, seis diferentes entidades de advogados federais encaminharam um requerimento conjunto ao advogado-geral da Uni\u00e3o, Dr. Jos\u00e9 Eduardo Cardozo, solicitando que seja feito estudo jur\u00eddico e adotadas medidas administrativas &#8220;para recolhimento e acautelamento dos valores dos honor\u00e1rios advocat\u00edcios em conta espec\u00edfica, dissociado da conta \u00fanica do Tesouro Nacional, colimando destina\u00e7\u00e3o aos titulares da verba de car\u00e1ter alimentar a tempo e modo pr\u00f3prios, ap\u00f3s a devida regulamenta\u00e7\u00e3o das regras de rateio e distribui\u00e7\u00e3o da verba&#8221;.<\/p>\n","protected":false},"excerpt":{"rendered":"<p>Na sexta-feira, seis diferentes entidades de advogados federais encaminharam um requerimento conjunto ao advogado-geral da Uni\u00e3o, Dr. Jos\u00e9 Eduardo Cardozo, solicitando que seja feito estudo jur\u00eddico e adotadas medidas administrativas &#8220;para recolhimento e acautelamento dos valores dos honor\u00e1rios advocat\u00edcios em conta espec\u00edfica, dissociado da conta \u00fanica do Tesouro Nacional, colimando destina\u00e7\u00e3o aos titulares da verba de car\u00e1ter alimentar a tempo [&hellip;]<\/p>\n","protected":false},"author":27,"featured_media":0,"comment_status":"open","ping_status":"closed","sticky":false,"template":"","format":"standard","meta":{"footnotes":""},"categories":[1],"tags":[1637,1638,230,1373,593],"class_list":["post-1453","post","type-post","status-publish","format-standard","hentry","category-sem-categoria","tag-advocticios","tag-conta","tag-fora","tag-honorarios","tag-tesouro-nacional"],"_links":{"self":[{"href":"https:\/\/blogs.correiobraziliense.com.br\/servidor\/wp-json\/wp\/v2\/posts\/1453","targetHints":{"allow":["GET"]}}],"collection":[{"href":"https:\/\/blogs.correiobraziliense.com.br\/servidor\/wp-json\/wp\/v2\/posts"}],"about":[{"href":"https:\/\/blogs.correiobraziliense.com.br\/servidor\/wp-json\/wp\/v2\/types\/post"}],"author":[{"embeddable":true,"href":"https:\/\/blogs.correiobraziliense.com.br\/servidor\/wp-json\/wp\/v2\/users\/27"}],"replies":[{"embeddable":true,"href":"https:\/\/blogs.correiobraziliense.com.br\/servidor\/wp-json\/wp\/v2\/comments?post=1453"}],"version-history":[{"count":1,"href":"https:\/\/blogs.correiobraziliense.com.br\/servidor\/wp-json\/wp\/v2\/posts\/1453\/revisions"}],"predecessor-version":[{"id":1454,"href":"https:\/\/blogs.correiobraziliense.com.br\/servidor\/wp-json\/wp\/v2\/posts\/1453\/revisions\/1454"}],"wp:attachment":[{"href":"https:\/\/blogs.correiobraziliense.com.br\/servidor\/wp-json\/wp\/v2\/media?parent=1453"}],"wp:term":[{"taxonomy":"category","embeddable":true,"href":"https:\/\/blogs.correiobraziliense.com.br\/servidor\/wp-json\/wp\/v2\/categories?post=1453"},{"taxonomy":"post_tag","embeddable":true,"href":"https:\/\/blogs.correiobraziliense.com.br\/servidor\/wp-json\/wp\/v2\/tags?post=1453"}],"curies":[{"name":"wp","href":"https:\/\/api.w.org\/{rel}","templated":true}]}}