{"id":14521,"date":"2019-11-29T12:23:12","date_gmt":"2019-11-29T15:23:12","guid":{"rendered":"https:\/\/blogs.correiobraziliense.com.br\/servidor\/?p=14521"},"modified":"2019-11-29T12:23:12","modified_gmt":"2019-11-29T15:23:12","slug":"judiciario-tem-os-melhores-indices-de-aprovacao-entre-os-poderes","status":"publish","type":"post","link":"https:\/\/blogs.correiobraziliense.com.br\/servidor\/judiciario-tem-os-melhores-indices-de-aprovacao-entre-os-poderes\/","title":{"rendered":"Judici\u00e1rio tem os melhores \u00edndices de aprova\u00e7\u00e3o entre os Poderes"},"content":{"rendered":"<p><em>O \u201cEstudo da Imagem do Poder Judici\u00e1rio\u201d ser\u00e1 apresentado em semin\u00e1rio, \u00e0s 9h30, na FGV-Rio, com a presen\u00e7a do presidente da Associa\u00e7\u00e3o dos Magistrados Brasileiros (AMB), Jayme de Oliveira, da presidente eleita, Renata Gil, e dos ministros Luis Felipe Salom\u00e3o e Marco Aur\u00e9lio Bellizze, do Superior Tribunal de Justi\u00e7a (STJ).<\/em><\/p>\n<p>Segundo o estudo, entre os tr\u00eas Poderes, o Judici\u00e1rio tem os melhores \u00edndices de confian\u00e7a e aprova\u00e7\u00e3o. Para 33% dos entrevistados o Judici\u00e1rio \u00e9 o poder que melhor cumpre o seu papel, enquanto apenas 9% escolhem o Legislativo e 8% o Executivo. O Judici\u00e1rio tamb\u00e9m \u00e9 o \u00fanico em que mais da metade dos entrevistados, o equivalente a 52%, disse confiar. A Presid\u00eancia da Rep\u00fablica conta com a confian\u00e7a de 34% dos entrevistados, e o Congresso Nacional, 19%.<\/p>\n<p>\u201cO estudo \u00e9 um marco hist\u00f3rico, que apresenta o diagn\u00f3stico da imagem da Justi\u00e7a brasileira baseado nas fun\u00e7\u00f5es do Judici\u00e1rio, na percep\u00e7\u00e3o da sociedade e na oportunidade de melhoria da comunica\u00e7\u00e3o com a popula\u00e7\u00e3o\u201d, explicou o presidente Jayme de Oliveira.<\/p>\n<p>A pesquisa foi feita no per\u00edodo de agosto de 2018 a agosto de 2019, com a utiliza\u00e7\u00e3o articulada de metodologias e t\u00e9cnicas qualitativas e quantitativas, e abrangeu diversos segmentos de p\u00fablico: sociedade (usu\u00e1rios e n\u00e3o usu\u00e1rios dos servi\u00e7os da Justi\u00e7a); advogados, defensores p\u00fablicos e formadores de opini\u00e3o. Para tornar o estudo ainda mais completo, tamb\u00e9m foi investigada a imagem do Judici\u00e1rio brasileiro nas redes sociais e na m\u00eddia internacional.<\/p>\n<p>A coordena\u00e7\u00e3o da pesquisa \u00e9 do ministro Marco Aur\u00e9lio Bellizze e subcoordena\u00e7\u00e3o da presidente eleita da AMB, Renata Gil.<\/p>\n","protected":false},"excerpt":{"rendered":"<p>O \u201cEstudo da Imagem do Poder Judici\u00e1rio\u201d ser\u00e1 apresentado em semin\u00e1rio, \u00e0s 9h30, na FGV-Rio, com a presen\u00e7a do presidente da Associa\u00e7\u00e3o dos Magistrados Brasileiros (AMB), Jayme de Oliveira, da presidente eleita, Renata Gil, e dos ministros Luis Felipe Salom\u00e3o e Marco Aur\u00e9lio Bellizze, do Superior Tribunal de Justi\u00e7a (STJ). Segundo o estudo, entre os tr\u00eas Poderes, o Judici\u00e1rio tem [&hellip;]<\/p>\n","protected":false},"author":27,"featured_media":0,"comment_status":"open","ping_status":"closed","sticky":false,"template":"","format":"standard","meta":{"footnotes":""},"categories":[2719],"tags":[3172,693,8908,2527,9,3654,64,10,765,351],"class_list":["post-14521","post","type-post","status-publish","format-standard","hentry","category-servidor","tag-confianca","tag-congresso-nacional","tag-diagnostico","tag-entrevistados","tag-executivo","tag-indices","tag-judiciario","tag-legislativo","tag-presidencia-da-republica","tag-sociedade"],"_links":{"self":[{"href":"https:\/\/blogs.correiobraziliense.com.br\/servidor\/wp-json\/wp\/v2\/posts\/14521","targetHints":{"allow":["GET"]}}],"collection":[{"href":"https:\/\/blogs.correiobraziliense.com.br\/servidor\/wp-json\/wp\/v2\/posts"}],"about":[{"href":"https:\/\/blogs.correiobraziliense.com.br\/servidor\/wp-json\/wp\/v2\/types\/post"}],"author":[{"embeddable":true,"href":"https:\/\/blogs.correiobraziliense.com.br\/servidor\/wp-json\/wp\/v2\/users\/27"}],"replies":[{"embeddable":true,"href":"https:\/\/blogs.correiobraziliense.com.br\/servidor\/wp-json\/wp\/v2\/comments?post=14521"}],"version-history":[{"count":1,"href":"https:\/\/blogs.correiobraziliense.com.br\/servidor\/wp-json\/wp\/v2\/posts\/14521\/revisions"}],"predecessor-version":[{"id":14522,"href":"https:\/\/blogs.correiobraziliense.com.br\/servidor\/wp-json\/wp\/v2\/posts\/14521\/revisions\/14522"}],"wp:attachment":[{"href":"https:\/\/blogs.correiobraziliense.com.br\/servidor\/wp-json\/wp\/v2\/media?parent=14521"}],"wp:term":[{"taxonomy":"category","embeddable":true,"href":"https:\/\/blogs.correiobraziliense.com.br\/servidor\/wp-json\/wp\/v2\/categories?post=14521"},{"taxonomy":"post_tag","embeddable":true,"href":"https:\/\/blogs.correiobraziliense.com.br\/servidor\/wp-json\/wp\/v2\/tags?post=14521"}],"curies":[{"name":"wp","href":"https:\/\/api.w.org\/{rel}","templated":true}]}}