{"id":14519,"date":"2019-11-29T10:56:27","date_gmt":"2019-11-29T13:56:27","guid":{"rendered":"https:\/\/blogs.correiobraziliense.com.br\/servidor\/?p=14519"},"modified":"2019-11-29T10:56:27","modified_gmt":"2019-11-29T13:56:27","slug":"fgv-amb-e-amaerj-lancam-estudo-sobre-o-judiciario-brasileiro","status":"publish","type":"post","link":"https:\/\/blogs.correiobraziliense.com.br\/servidor\/fgv-amb-e-amaerj-lancam-estudo-sobre-o-judiciario-brasileiro\/","title":{"rendered":"FGV, AMB e AmaeRJ lan\u00e7am Estudo Sobre o Judici\u00e1rio Brasileiro"},"content":{"rendered":"<p><em>Em 2 de dezembro, \u00e0s 9h30, a Funda\u00e7\u00e3o Getulio Varga (FGV) lan\u00e7a o Estudo Sobre o Judici\u00e1rio Brasileiro, em parceria com Associa\u00e7\u00e3o dos Magistrados Brasileiros (AMB) e Associa\u00e7\u00e3o dos Magistrados do Estado do Rio de Janeiro (AmaeRJ) . Ser\u00e1 tamb\u00e9m o lan\u00e7amento do Centro de Inova\u00e7\u00e3o, Administra\u00e7\u00e3o e Pesquisa do Judici\u00e1rio. O evento ser\u00e1 na FGV, na Praia do Botafogo, 180, Audit\u00f3rio 12\u00ba andar<\/em><\/p>\n<p>O objetivo do estudo, informa a FGV, \u00e9 oferecer \u00e0 sociedade um amplo conjunto de informa\u00e7\u00f5es a respeito da percep\u00e7\u00e3o e expectativas sobre a atua\u00e7\u00e3o do Judici\u00e1rio brasileiro; a rela\u00e7\u00e3o entre os poderes; a identifica\u00e7\u00e3o das contribui\u00e7\u00f5es do Judici\u00e1rio na constru\u00e7\u00e3o de valores \u2013 Igualdade, democracia, cidadania, entre outros; e indica\u00e7\u00e3o de oportunidades para melhorar a comunica\u00e7\u00e3o e refor\u00e7ar a aproxima\u00e7\u00e3o com os cidad\u00e3os.<\/p>\n<p>Realizado no per\u00edodo de mar\u00e7o de 2018 a outubro de 2019, com a utiliza\u00e7\u00e3o articulada de metodologias e t\u00e9cnicas qualitativas e quantitativas, a pesquisa abrangeu diversos segmentos de p\u00fablico: sociedade (usu\u00e1rios e n\u00e3o usu\u00e1rios dos servi\u00e7os da Justi\u00e7a, sendo os usu\u00e1rios demandantes e demandados); advogados, defensores p\u00fablicos e formadores de opini\u00e3o. E para tornar o estudo ainda mais completo, tamb\u00e9m foi investigada a imagem do Judici\u00e1rio brasileiro nas redes sociais e na m\u00eddia internacional.<\/p>\n<p><strong>Servi\u00e7o<\/strong>:<br \/>\nLan\u00e7amento do Estudo Sobre o Judici\u00e1rio Brasileiro<br \/>\nLocal: Funda\u00e7\u00e3o Getulio Vargas<br \/>\nEndere\u00e7o: Praia de Botafogo, 180. Audit\u00f3rio 12\u00ba andar. Botafogo, Rio de Janeiro\/RJ<br \/>\nData: 02 de dezembro<br \/>\nHor\u00e1rio: A partir das 9h30<\/p>\n<p>Programa\u00e7\u00e3o:<br \/>\n9h30- Abertura<br \/>\n9h50- Lan\u00e7amento do Centro de Inova\u00e7\u00e3o, Administra\u00e7\u00e3o e Pesquisa do Judici\u00e1rio<br \/>\n10h- Apresenta\u00e7\u00e3o da pesquisa<br \/>\n11h- Debate<\/p>\n","protected":false},"excerpt":{"rendered":"<p>Em 2 de dezembro, \u00e0s 9h30, a Funda\u00e7\u00e3o Getulio Varga (FGV) lan\u00e7a o Estudo Sobre o Judici\u00e1rio Brasileiro, em parceria com Associa\u00e7\u00e3o dos Magistrados Brasileiros (AMB) e Associa\u00e7\u00e3o dos Magistrados do Estado do Rio de Janeiro (AmaeRJ) . Ser\u00e1 tamb\u00e9m o lan\u00e7amento do Centro de Inova\u00e7\u00e3o, Administra\u00e7\u00e3o e Pesquisa do Judici\u00e1rio. O evento ser\u00e1 na FGV, na Praia do Botafogo, [&hellip;]<\/p>\n","protected":false},"author":27,"featured_media":0,"comment_status":"open","ping_status":"closed","sticky":false,"template":"","format":"standard","meta":{"footnotes":""},"categories":[2719],"tags":[16490,439,559,2488,4053,1287,2726,1340,64,3839],"class_list":["post-14519","post","type-post","status-publish","format-standard","hentry","category-servidor","tag-amb-amaerj","tag-cidadania","tag-comunicacao","tag-contribuicoes","tag-democracia","tag-estudo","tag-fgv","tag-igualdade","tag-judiciario","tag-poderes"],"_links":{"self":[{"href":"https:\/\/blogs.correiobraziliense.com.br\/servidor\/wp-json\/wp\/v2\/posts\/14519","targetHints":{"allow":["GET"]}}],"collection":[{"href":"https:\/\/blogs.correiobraziliense.com.br\/servidor\/wp-json\/wp\/v2\/posts"}],"about":[{"href":"https:\/\/blogs.correiobraziliense.com.br\/servidor\/wp-json\/wp\/v2\/types\/post"}],"author":[{"embeddable":true,"href":"https:\/\/blogs.correiobraziliense.com.br\/servidor\/wp-json\/wp\/v2\/users\/27"}],"replies":[{"embeddable":true,"href":"https:\/\/blogs.correiobraziliense.com.br\/servidor\/wp-json\/wp\/v2\/comments?post=14519"}],"version-history":[{"count":1,"href":"https:\/\/blogs.correiobraziliense.com.br\/servidor\/wp-json\/wp\/v2\/posts\/14519\/revisions"}],"predecessor-version":[{"id":14520,"href":"https:\/\/blogs.correiobraziliense.com.br\/servidor\/wp-json\/wp\/v2\/posts\/14519\/revisions\/14520"}],"wp:attachment":[{"href":"https:\/\/blogs.correiobraziliense.com.br\/servidor\/wp-json\/wp\/v2\/media?parent=14519"}],"wp:term":[{"taxonomy":"category","embeddable":true,"href":"https:\/\/blogs.correiobraziliense.com.br\/servidor\/wp-json\/wp\/v2\/categories?post=14519"},{"taxonomy":"post_tag","embeddable":true,"href":"https:\/\/blogs.correiobraziliense.com.br\/servidor\/wp-json\/wp\/v2\/tags?post=14519"}],"curies":[{"name":"wp","href":"https:\/\/api.w.org\/{rel}","templated":true}]}}