{"id":14507,"date":"2019-11-27T20:18:01","date_gmt":"2019-11-27T23:18:01","guid":{"rendered":"https:\/\/blogs.correiobraziliense.com.br\/servidor\/?p=14507"},"modified":"2019-11-27T20:18:01","modified_gmt":"2019-11-27T23:18:01","slug":"servidores-ocuparam-predio-da-secretaria-de-desenvolvimento-social-do-df","status":"publish","type":"post","link":"https:\/\/blogs.correiobraziliense.com.br\/servidor\/servidores-ocuparam-predio-da-secretaria-de-desenvolvimento-social-do-df\/","title":{"rendered":"Servidores ocuparam pr\u00e9dio da Secretaria de Desenvolvimento Social do DF"},"content":{"rendered":"<p><em>Os servidores da assist\u00eancia social e cultural do GDF ocuparam, hoje (27 de novembro), o pr\u00e9dio da Secretaria de Desenvolvimento Social (Sedes)<\/em><\/p>\n<p>A manifesta\u00e7\u00e3o, encerrada no fim da tarde, foi durante ato p\u00fablico do Sindicato dos Servidores da Assist\u00eancia Social e Cultural do GDF (Sindsasc). Cerca de 160 pessoas entre servidores, concursandos e benefici\u00e1rios da assist\u00eancia social do DF, participaram da manifesta\u00e7\u00e3o, organizada para reivindicar pautas como combate \u00e0 terceiriza\u00e7\u00e3o para o servi\u00e7o de preenchimento do Cadastro \u00danico; regulamenta\u00e7\u00e3o da escala de trabalho em regime de 24 por 72 horas; regulariza\u00e7\u00e3o da entrega de benef\u00edcios sociais; e cumprimento do concurso p\u00fablico da assist\u00eancia social.<\/p>\n<p>Ap\u00f3s a ocupa\u00e7\u00e3o do quarto andar do pr\u00e9dio da Sedes, o grupo se reuniu com a secret\u00e1ria-adjunta da pasta, Val\u00e9ria Rocha, que se comprometeu a receber o Sindsasc para uma reuni\u00e3o com o titular da secretaria, Ricardo Guterrez. O presidente do Sindsasc, Clayton Avelar, chama a aten\u00e7\u00e3o para uma quest\u00e3o priorit\u00e1ria da entidade. &#8220;Estamos na luta para que o resultado completo do certame seja divulgado o mais r\u00e1pido poss\u00edvel com uma f\u00f3rmula que contemple a decis\u00e3o do Tribunal de Contas, que exige a publica\u00e7\u00e3o em at\u00e9 30 dias, e que possibilite a manuten\u00e7\u00e3o dos que j\u00e1 foram aprovados&#8221;. O concurso foi em mar\u00e7o deste ano, marcado por problemas quanto \u00e0 aplica\u00e7\u00e3o, corre\u00e7\u00e3o e divulga\u00e7\u00e3o dos resultados das provas.<\/p>\n<p><strong>Condi\u00e7\u00f5es de trabalho<\/strong><\/p>\n<p>As condi\u00e7\u00f5es de trabalho dos servidores foi uma das reivindica\u00e7\u00f5es durante a ocupa\u00e7\u00e3o. &#8220;Estamos trabalhando com sal\u00e1rios miser\u00e1veis e com as rela\u00e7\u00f5es de trabalho fragilizadas. Enquanto o governo, tanto o federal, quanto do DF s\u00f3 pensa em militariza\u00e7\u00e3o e em repress\u00e3o&#8221;, disse a Diretora de Comunica\u00e7\u00e3o do Sindsasc, Camila In\u00e1cio, durante ocupa\u00e7\u00e3o do pr\u00e9dio da Sedes. O Sindsasc refor\u00e7ou posi\u00e7\u00e3o contr\u00e1ria \u00e0 proposta contida no Edital de Chamamento P\u00fablico n\u00ba 2, que prev\u00ea a terceiriza\u00e7\u00e3o de pessoal para as fun\u00e7\u00f5es de preenchimento e atualiza\u00e7\u00e3o do Cadastro \u00danico.<\/p>\n<p><strong>Popula\u00e7\u00e3o prejudicada<\/strong><\/p>\n<p>Mais de sete mil fam\u00edlias t\u00eam sofrido com os atrasos de benef\u00edcios sociais no DF. Os benef\u00edcios eventuais s\u00e3o essenciais tanto para a sobreviv\u00eancia dessa popula\u00e7\u00e3o atendida pela assist\u00eancia social e para o acompanhamento das fam\u00edlias feito pelos servidores nas unidades de atendimento. Um deles \u00e9 o Benef\u00edcio Excepcional, para pessoas em situa\u00e7\u00e3o de desabrigo tempor\u00e1rio, que afeta mais de 800 fam\u00edlias.<\/p>\n","protected":false},"excerpt":{"rendered":"<p>Os servidores da assist\u00eancia social e cultural do GDF ocuparam, hoje (27 de novembro), o pr\u00e9dio da Secretaria de Desenvolvimento Social (Sedes) A manifesta\u00e7\u00e3o, encerrada no fim da tarde, foi durante ato p\u00fablico do Sindicato dos Servidores da Assist\u00eancia Social e Cultural do GDF (Sindsasc). Cerca de 160 pessoas entre servidores, concursandos e benefici\u00e1rios da assist\u00eancia social do DF, participaram [&hellip;]<\/p>\n","protected":false},"author":27,"featured_media":0,"comment_status":"open","ping_status":"closed","sticky":false,"template":"","format":"standard","meta":{"footnotes":""},"categories":[2719],"tags":[234,2108,2738,980,16475,93,68,92,2692,672,2325,15893,58,11776,1251,261,5348],"class_list":["post-14507","post","type-post","status-publish","format-standard","hentry","category-servidor","tag-aprovados","tag-assistencia-social","tag-atrasos","tag-beneficiarios","tag-cadastro-unico","tag-concurso","tag-df","tag-edital","tag-gdf","tag-predio","tag-regime","tag-sedes","tag-servidores","tag-sindsasc","tag-terceirizacao","tag-trabalho","tag-tribunal-de-contas"],"_links":{"self":[{"href":"https:\/\/blogs.correiobraziliense.com.br\/servidor\/wp-json\/wp\/v2\/posts\/14507","targetHints":{"allow":["GET"]}}],"collection":[{"href":"https:\/\/blogs.correiobraziliense.com.br\/servidor\/wp-json\/wp\/v2\/posts"}],"about":[{"href":"https:\/\/blogs.correiobraziliense.com.br\/servidor\/wp-json\/wp\/v2\/types\/post"}],"author":[{"embeddable":true,"href":"https:\/\/blogs.correiobraziliense.com.br\/servidor\/wp-json\/wp\/v2\/users\/27"}],"replies":[{"embeddable":true,"href":"https:\/\/blogs.correiobraziliense.com.br\/servidor\/wp-json\/wp\/v2\/comments?post=14507"}],"version-history":[{"count":1,"href":"https:\/\/blogs.correiobraziliense.com.br\/servidor\/wp-json\/wp\/v2\/posts\/14507\/revisions"}],"predecessor-version":[{"id":14508,"href":"https:\/\/blogs.correiobraziliense.com.br\/servidor\/wp-json\/wp\/v2\/posts\/14507\/revisions\/14508"}],"wp:attachment":[{"href":"https:\/\/blogs.correiobraziliense.com.br\/servidor\/wp-json\/wp\/v2\/media?parent=14507"}],"wp:term":[{"taxonomy":"category","embeddable":true,"href":"https:\/\/blogs.correiobraziliense.com.br\/servidor\/wp-json\/wp\/v2\/categories?post=14507"},{"taxonomy":"post_tag","embeddable":true,"href":"https:\/\/blogs.correiobraziliense.com.br\/servidor\/wp-json\/wp\/v2\/tags?post=14507"}],"curies":[{"name":"wp","href":"https:\/\/api.w.org\/{rel}","templated":true}]}}