{"id":14481,"date":"2019-11-25T19:41:41","date_gmt":"2019-11-25T22:41:41","guid":{"rendered":"https:\/\/blogs.correiobraziliense.com.br\/servidor\/?p=14481"},"modified":"2019-11-25T19:41:41","modified_gmt":"2019-11-25T22:41:41","slug":"petrobras-ministro-do-tst-pune-sindicatos-que-descumpriram-determinacao-de-nao-fazer-greve","status":"publish","type":"post","link":"https:\/\/blogs.correiobraziliense.com.br\/servidor\/petrobras-ministro-do-tst-pune-sindicatos-que-descumpriram-determinacao-de-nao-fazer-greve\/","title":{"rendered":"Petrobras: ministro do TST pune sindicatos que descumpriram determina\u00e7\u00e3o de n\u00e3o fazer greve"},"content":{"rendered":"<p><em>Ele autorizou a suspens\u00e3o de repasses e ainda\u00a0o bloqueio cautelar das contas das entidades sindicais no limite de R$ 2 milh\u00f5es a cada dia de prosseguimento do movimento paredista<\/em><\/p>\n<p><span>O ministro Ives Gandra Martins, do Tribunal Superior do Trabalho (TST), autorizou a Petr\u00f3leo Brasileiro S. A. a suspender o repasse mensal de verbas \u00e0 Federa\u00e7\u00e3o \u00danica dos Petroleiros (FUP) e a 13 sindicatos de petroleiros at\u00e9 o limite das multas impostas por ele em caso de descumprimento da determina\u00e7\u00e3o de a categoria n\u00e3o fazer greve.<\/span><\/p>\n<p>Ives Gandra<span> determinou ainda o bloqueio cautelar das contas das entidades sindicais no limite de R$ 2 milh\u00f5es a cada dia de prosseguimento do movimento paredista.<br \/>\n<\/span><\/p>\n<p><span>No s\u00e1bado (23), o ministro havia deferido liminar para que a categoria na cumprisse a greve anunciada para hoje (25) e fixado multa de R$ 2 milh\u00f5es por entidade por dia de descumprimento. A decis\u00e3o levou em conta que o movimento havia sido anunciado dez dias ap\u00f3s a assinatura, no in\u00edcio do m\u00eas, do acordo coletivo mediado pela vice-presid\u00eancia do TST.<br \/>\n<\/span><\/p>\n<p><span>No entanto, nesta segunda-feira, a Petrobras demonstrou que diversas refinarias paralisaram suas atividades e que os grevistas est\u00e3o impedindo a entrada em suas instala\u00e7\u00f5es. O ministro tamb\u00e9m verificou que, em seu site, a FUP registrou que os petroleiros manteriam a mobiliza\u00e7\u00e3o apesar da ordem do TST. <\/span><\/p>\n<p><span>\u201cA afronta ostensiva \u00e0 ordem judicial, anunciada em site da Federa\u00e7\u00e3o e perpetrada no decorrer do primeiro dia de paralisa\u00e7\u00e3o, por si s\u00f3, refor\u00e7a a convic\u00e7\u00e3o da abusividade do movimento, uma vez que a greve n\u00e3o \u00e9 um direito absoluto, estando sujeito aos limites da lei, a qual considera abusivo seu exerc\u00edcio ap\u00f3s a assinatura de acordo coletivo de trabalho, salvo se houver descumprimento de cl\u00e1usula do acordo, o que, como visto, \u00e9 imposs\u00edvel de ter ocorrido em t\u00e3o curto espa\u00e7o de tempo em rela\u00e7\u00e3o a cl\u00e1usula de car\u00e1ter program\u00e1tico\u201d, afirmou.<br \/>\n<\/span><\/p>\n<p><span><strong>Agravo<\/strong><br \/>\nNo mesmo despacho, o ministro rejeitou pedido de reconsidera\u00e7\u00e3o da decis\u00e3o de s\u00e1bado formulado pela FUP. A entidade sustentava, entre outros argumentos, que as cl\u00e1usulas que estariam sendo descumpridas j\u00e1 constavam de acordos anteriores e que o valor das multas excede \u201csuperlativamente\u201d o que tem sido fixado em outras paralisa\u00e7\u00f5es. <\/span><\/p>\n<p><span>Segundo o ministro, por\u00e9m, se havia descumprimento antes da assinatura do acordo, as entidades sindicais n\u00e3o deveriam t\u00ea-lo assinado ou ter estipulado prazos e condi\u00e7\u00f5es para seu cumprimento. \u201cN\u00e3o procederam a nenhuma dessas alternativas\u201d, concluiu.<br \/>\n<\/span><\/p>\n","protected":false},"excerpt":{"rendered":"<p>Ele autorizou a suspens\u00e3o de repasses e ainda\u00a0o bloqueio cautelar das contas das entidades sindicais no limite de R$ 2 milh\u00f5es a cada dia de prosseguimento do movimento paredista O ministro Ives Gandra Martins, do Tribunal Superior do Trabalho (TST), autorizou a Petr\u00f3leo Brasileiro S. A. a suspender o repasse mensal de verbas \u00e0 Federa\u00e7\u00e3o \u00danica dos Petroleiros (FUP) e [&hellip;]<\/p>\n","protected":false},"author":27,"featured_media":0,"comment_status":"open","ping_status":"closed","sticky":false,"template":"","format":"standard","meta":{"footnotes":""},"categories":[2719],"tags":[2886,379,2278,1000,15,540,1496,8810,201,6244,8772,3801,503],"class_list":["post-14481","post","type-post","status-publish","format-standard","hentry","category-servidor","tag-bloqueio","tag-categoria","tag-contas","tag-fup","tag-greve","tag-movimento","tag-multas","tag-paredista","tag-petrobras","tag-petroleiros","tag-repasses","tag-sindicatos","tag-tst"],"_links":{"self":[{"href":"https:\/\/blogs.correiobraziliense.com.br\/servidor\/wp-json\/wp\/v2\/posts\/14481","targetHints":{"allow":["GET"]}}],"collection":[{"href":"https:\/\/blogs.correiobraziliense.com.br\/servidor\/wp-json\/wp\/v2\/posts"}],"about":[{"href":"https:\/\/blogs.correiobraziliense.com.br\/servidor\/wp-json\/wp\/v2\/types\/post"}],"author":[{"embeddable":true,"href":"https:\/\/blogs.correiobraziliense.com.br\/servidor\/wp-json\/wp\/v2\/users\/27"}],"replies":[{"embeddable":true,"href":"https:\/\/blogs.correiobraziliense.com.br\/servidor\/wp-json\/wp\/v2\/comments?post=14481"}],"version-history":[{"count":1,"href":"https:\/\/blogs.correiobraziliense.com.br\/servidor\/wp-json\/wp\/v2\/posts\/14481\/revisions"}],"predecessor-version":[{"id":14482,"href":"https:\/\/blogs.correiobraziliense.com.br\/servidor\/wp-json\/wp\/v2\/posts\/14481\/revisions\/14482"}],"wp:attachment":[{"href":"https:\/\/blogs.correiobraziliense.com.br\/servidor\/wp-json\/wp\/v2\/media?parent=14481"}],"wp:term":[{"taxonomy":"category","embeddable":true,"href":"https:\/\/blogs.correiobraziliense.com.br\/servidor\/wp-json\/wp\/v2\/categories?post=14481"},{"taxonomy":"post_tag","embeddable":true,"href":"https:\/\/blogs.correiobraziliense.com.br\/servidor\/wp-json\/wp\/v2\/tags?post=14481"}],"curies":[{"name":"wp","href":"https:\/\/api.w.org\/{rel}","templated":true}]}}