{"id":1448,"date":"2016-04-08T15:34:07","date_gmt":"2016-04-08T18:34:07","guid":{"rendered":"https:\/\/blogs.correiobraziliense.com.br\/servidor\/?p=1448"},"modified":"2016-04-08T15:34:07","modified_gmt":"2016-04-08T18:34:07","slug":"governo-cria-comite-para-monitorar-e-avaliar-politicas-publicas","status":"publish","type":"post","link":"https:\/\/blogs.correiobraziliense.com.br\/servidor\/governo-cria-comite-para-monitorar-e-avaliar-politicas-publicas\/","title":{"rendered":"GOVERNO CRIA COMIT\u00ca PARA MONITORAR E AVALIAR POL\u00cdTICAS P\u00daBLICAS"},"content":{"rendered":"<div style=\"font-size: 15px;font-family: 'Segoe UI','Segoe WP','Segoe UI WPC',Tahoma,Arial,sans-serif;color: #212121;margin: 0px;background-color: #ffffff;text-align: left\" align=\"center\"><span style=\"font-family: Calibri,sans-serif;font-size: small\"><span style=\"font-size: 11pt\"><span style=\"color: black;font-family: Arial,sans-serif;font-size: medium\"><span style=\"font-size: 12pt\"><em>Objetivo \u00e9 melhorar resultados e aprimorar qualidade do gasto p\u00fablico<\/em><\/span><\/span><\/span><\/span><\/div>\n<div style=\"font-size: 15px;font-family: 'Segoe UI','Segoe WP','Segoe UI WPC',Tahoma,Arial,sans-serif;color: #212121;margin: 0px;background-color: #ffffff;text-align: left\" align=\"center\"><\/div>\n<div style=\"font-size: 15px;font-family: 'Segoe UI','Segoe WP','Segoe UI WPC',Tahoma,Arial,sans-serif;color: #212121;margin: 0px;background-color: #ffffff;text-align: left\" align=\"center\">\n<div style=\"font-size: 15px;font-family: 'Segoe UI', 'Segoe WP', 'Segoe UI WPC', Tahoma, Arial, sans-serif;color: #212121;margin: 0px;background-color: #ffffff\" align=\"justify\"><span style=\"font-family: Calibri,sans-serif;font-size: small\"><span style=\"font-size: 11pt\"><span style=\"color: black;font-family: Arial,sans-serif;font-size: medium\"><span style=\"font-size: 12pt\">O Minist\u00e9rio do Planejamento informou que o\u00a0 governo federal instituiu, por meio da\u00a0<\/span><\/span><a title=\"blocked::http:\/\/pesquisa.in.gov.br\/imprensa\/jsp\/visualiza\/index.jsp?data=08\/04\/2016&amp;jornal=1&amp;pagina=79&amp;totalArquivos=204\" href=\"http:\/\/pesquisa.in.gov.br\/imprensa\/jsp\/visualiza\/index.jsp?data=08\/04\/2016&amp;jornal=1&amp;pagina=79&amp;totalArquivos=204\" target=\"_blank\"><span style=\"font-family: Arial,sans-serif;font-size: medium\" title=\"blocked::http:\/\/pesquisa.in.gov.br\/imprensa\/jsp\/visualiza\/index.jsp?data=08\/04\/2016&amp;jornal=1&amp;pagina=79&amp;totalArquivos=204\"><span style=\"font-size: 12pt\" title=\"blocked::http:\/\/pesquisa.in.gov.br\/imprensa\/jsp\/visualiza\/index.jsp?data=08\/04\/2016&amp;jornal=1&amp;pagina=79&amp;totalArquivos=204\"><span style=\"color: #0563c1\" title=\"blocked::http:\/\/pesquisa.in.gov.br\/imprensa\/jsp\/visualiza\/index.jsp?data=08\/04\/2016&amp;jornal=1&amp;pagina=79&amp;totalArquivos=204\">Portaria Interministerial n\u00b0 102<\/span><\/span><\/span><\/a><span style=\"color: black;font-family: Arial,sans-serif;font-size: medium\">, o Comit\u00ea de Monitoramento e Avalia\u00e7\u00e3o de Pol\u00edticas P\u00fablicas Federais (CMAP), para aperfei\u00e7oar a\u00e7\u00f5es, programas e pol\u00edticas p\u00fablicas do Poder Executivo Federal e aprimorar a aloca\u00e7\u00e3o de recursos e a qualidade do gasto p\u00fablico.<\/span><\/span><\/span><\/div>\n<\/div>\n<div style=\"font-size: 15px;font-family: 'Segoe UI', 'Segoe WP', 'Segoe UI WPC', Tahoma, Arial, sans-serif;color: #212121;margin: 0px;background-color: #ffffff\" align=\"justify\"><\/div>\n<div style=\"font-size: 15px;font-family: 'Segoe UI', 'Segoe WP', 'Segoe UI WPC', Tahoma, Arial, sans-serif;color: #212121;margin: 0px;background-color: #ffffff\" align=\"justify\"><span style=\"font-family: Calibri,sans-serif;font-size: small\"><span style=\"font-size: 11pt\"><span style=\"color: black;font-family: Arial,sans-serif;font-size: medium\"><span style=\"font-size: 12pt\">O Comit\u00ea ser\u00e1 composto por representantes dos Minist\u00e9rios do Planejamento, Or\u00e7amento e Gest\u00e3o (MP), da Fazenda (MF); da Casa Civil da Presid\u00eancia da Rep\u00fablica e da Controladoria-Geral da Uni\u00e3o (CGU); e poder\u00e1 tamb\u00e9m contar com a participa\u00e7\u00e3o de membros de institui\u00e7\u00f5es convidadas, p\u00fablicas ou privadas.<\/span><\/span><\/span><\/span><\/div>\n<div style=\"font-size: 15px;font-family: 'Segoe UI', 'Segoe WP', 'Segoe UI WPC', Tahoma, Arial, sans-serif;color: #212121;margin: 0px;background-color: #ffffff\" align=\"justify\"><\/div>\n<div style=\"font-size: 15px;font-family: 'Segoe UI', 'Segoe WP', 'Segoe UI WPC', Tahoma, Arial, sans-serif;color: #212121;margin: 0px;background-color: #ffffff\" align=\"justify\">\n<div style=\"font-size: 15px;font-family: 'Segoe UI', 'Segoe WP', 'Segoe UI WPC', Tahoma, Arial, sans-serif;color: #212121;margin: 0px;background-color: #ffffff\" align=\"justify\"><span style=\"font-family: Calibri,sans-serif;font-size: small\"><span style=\"font-size: 11pt\"><span style=\"color: black;font-family: Arial,sans-serif;font-size: medium\"><span style=\"font-size: 12pt\">O CMAP ir\u00e1 definir as pol\u00edticas, programas e a\u00e7\u00f5es que ser\u00e3o objeto de monitoramento e avalia\u00e7\u00e3o, e propor diretrizes para aperfei\u00e7o\u00e1-las. Para isso, poder\u00e3o ser institu\u00eddas comiss\u00f5es tem\u00e1ticas para as atividades e convidados representantes de outros \u00f3rg\u00e3os e entidades para participar delas.<\/span><\/span><\/span><\/span><\/div>\n<div style=\"font-size: 15px;font-family: 'Segoe UI', 'Segoe WP', 'Segoe UI WPC', Tahoma, Arial, sans-serif;color: #212121;margin: 0px;background-color: #ffffff\" align=\"justify\"><span style=\"font-family: Calibri,sans-serif;font-size: small\"><span style=\"font-size: 11pt\"><span style=\"color: black;font-family: Arial,sans-serif;font-size: medium\"><span style=\"font-size: 12pt\">\u00a0<\/span><\/span><\/span><\/span><\/div>\n<div style=\"font-size: 15px;font-family: 'Segoe UI', 'Segoe WP', 'Segoe UI WPC', Tahoma, Arial, sans-serif;color: #212121;margin: 0px;background-color: #ffffff\" align=\"justify\"><span style=\"font-family: Calibri,sans-serif;font-size: small\"><span style=\"font-size: 11pt\"><span style=\"color: black;font-family: Arial,sans-serif;font-size: medium\"><span style=\"font-size: 12pt\">O comit\u00ea recomendar\u00e1 aos \u00f3rg\u00e3os respons\u00e1veis pelas pol\u00edticas, a ado\u00e7\u00e3o de medidas de ajuste e aprimoramento,\u00a0<\/span><\/span><span style=\"color: black;font-family: Arial,sans-serif;font-size: medium\">ancoradas em princ\u00edpios de transpar\u00eancia,\u00a0<\/span><span style=\"color: black;font-family: Arial,sans-serif;font-size: medium\"><span style=\"font-size: 12pt\"><em>accountability<\/em><\/span><\/span><span style=\"color: black;font-family: Arial,sans-serif;font-size: medium\">\u00a0e compromisso com resultados, que busquem a intera\u00e7\u00e3o da Administra\u00e7\u00e3o P\u00fablica com o seu ambiente de atua\u00e7\u00e3o<\/span><span style=\"color: black;font-family: Arial,sans-serif;font-size: medium\"><span style=\"font-size: 12pt\">. As informa\u00e7\u00f5es e proposi\u00e7\u00f5es produzidas pelo colegiado ser\u00e3o ainda consideradas para elabora\u00e7\u00e3o e execu\u00e7\u00e3o do or\u00e7amento. \u00a0<\/span><\/span><\/span><\/span><\/div>\n<\/div>\n<div style=\"font-size: 15px;font-family: 'Segoe UI','Segoe WP','Segoe UI WPC',Tahoma,Arial,sans-serif;color: #212121;margin: 0px;background-color: #ffffff;text-align: left\" align=\"center\">\n<div style=\"font-size: 15px;font-family: 'Segoe UI', 'Segoe WP', 'Segoe UI WPC', Tahoma, Arial, sans-serif;color: #212121;margin: 0px;background-color: #ffffff\" align=\"justify\"><span style=\"font-family: Calibri,sans-serif;font-size: small\"><span style=\"font-size: 11pt\"><span style=\"color: black;font-family: Arial,sans-serif;font-size: medium\"><span style=\"font-size: 12pt\">\u00a0<\/span><\/span><\/span><\/span><\/div>\n<p><br style=\"font-size: 12pt\" \/><\/p>\n<div style=\"font-size: 15px;font-family: 'Segoe UI', 'Segoe WP', 'Segoe UI WPC', Tahoma, Arial, sans-serif;color: #212121;margin: 0px;background-color: #ffffff\" align=\"justify\"><span style=\"font-family: Calibri,sans-serif;font-size: small\"><span style=\"font-size: 11pt\"><span style=\"color: black;font-family: Arial,sans-serif;font-size: medium\"><span style=\"font-size: 12pt\">\u00a0<\/span><\/span><\/span><\/span><\/div>\n<div style=\"font-size: 15px;font-family: 'Segoe UI', 'Segoe WP', 'Segoe UI WPC', Tahoma, Arial, sans-serif;color: #212121;margin: 0px;background-color: #ffffff\" align=\"justify\"><span style=\"font-family: Calibri,sans-serif;font-size: small\"><span style=\"font-size: 11pt\"><span style=\"color: black;font-family: Arial,sans-serif;font-size: medium\"><span style=\"font-size: 12pt\">\u00a0<\/span><\/span><\/span><\/span><\/div>\n<div style=\"font-size: 15px;font-family: 'Segoe UI', 'Segoe WP', 'Segoe UI WPC', Tahoma, Arial, sans-serif;color: #212121;margin: 0px;background-color: #ffffff\"><span style=\"font-family: Calibri,sans-serif;font-size: small\"><span style=\"font-family: Arial,sans-serif;font-size: large\"><span style=\"font-size: 14pt\">\u00a0\u200b<\/span><\/span><\/span><\/div>\n<\/div>\n","protected":false},"excerpt":{"rendered":"<p>Objetivo \u00e9 melhorar resultados e aprimorar qualidade do gasto p\u00fablico O Minist\u00e9rio do Planejamento informou que o\u00a0 governo federal instituiu, por meio da\u00a0Portaria Interministerial n\u00b0 102, o Comit\u00ea de Monitoramento e Avalia\u00e7\u00e3o de Pol\u00edticas P\u00fablicas Federais (CMAP), para aperfei\u00e7oar a\u00e7\u00f5es, programas e pol\u00edticas p\u00fablicas do Poder Executivo Federal e aprimorar a aloca\u00e7\u00e3o de recursos e a qualidade do gasto p\u00fablico. [&hellip;]<\/p>\n","protected":false},"author":27,"featured_media":0,"comment_status":"open","ping_status":"closed","sticky":false,"template":"","format":"standard","meta":{"footnotes":""},"categories":[1],"tags":[1634,1631,1635,98,1632,706,1636,1633,787,316],"class_list":["post-1448","post","type-post","status-publish","format-standard","hentry","category-sem-categoria","tag-avaliar","tag-comite","tag-gasto","tag-governo","tag-monitorar","tag-politicas","tag-programas","tag-publicas","tag-qualidade","tag-recursos"],"_links":{"self":[{"href":"https:\/\/blogs.correiobraziliense.com.br\/servidor\/wp-json\/wp\/v2\/posts\/1448","targetHints":{"allow":["GET"]}}],"collection":[{"href":"https:\/\/blogs.correiobraziliense.com.br\/servidor\/wp-json\/wp\/v2\/posts"}],"about":[{"href":"https:\/\/blogs.correiobraziliense.com.br\/servidor\/wp-json\/wp\/v2\/types\/post"}],"author":[{"embeddable":true,"href":"https:\/\/blogs.correiobraziliense.com.br\/servidor\/wp-json\/wp\/v2\/users\/27"}],"replies":[{"embeddable":true,"href":"https:\/\/blogs.correiobraziliense.com.br\/servidor\/wp-json\/wp\/v2\/comments?post=1448"}],"version-history":[{"count":1,"href":"https:\/\/blogs.correiobraziliense.com.br\/servidor\/wp-json\/wp\/v2\/posts\/1448\/revisions"}],"predecessor-version":[{"id":1449,"href":"https:\/\/blogs.correiobraziliense.com.br\/servidor\/wp-json\/wp\/v2\/posts\/1448\/revisions\/1449"}],"wp:attachment":[{"href":"https:\/\/blogs.correiobraziliense.com.br\/servidor\/wp-json\/wp\/v2\/media?parent=1448"}],"wp:term":[{"taxonomy":"category","embeddable":true,"href":"https:\/\/blogs.correiobraziliense.com.br\/servidor\/wp-json\/wp\/v2\/categories?post=1448"},{"taxonomy":"post_tag","embeddable":true,"href":"https:\/\/blogs.correiobraziliense.com.br\/servidor\/wp-json\/wp\/v2\/tags?post=1448"}],"curies":[{"name":"wp","href":"https:\/\/api.w.org\/{rel}","templated":true}]}}