{"id":14471,"date":"2019-11-25T15:29:17","date_gmt":"2019-11-25T18:29:17","guid":{"rendered":"https:\/\/blogs.correiobraziliense.com.br\/servidor\/?p=14471"},"modified":"2019-11-25T15:29:17","modified_gmt":"2019-11-25T18:29:17","slug":"fenafisco-lanca-livro-com-relatos-sobre-o-sindicalismo","status":"publish","type":"post","link":"https:\/\/blogs.correiobraziliense.com.br\/servidor\/fenafisco-lanca-livro-com-relatos-sobre-o-sindicalismo\/","title":{"rendered":"Fenafisco lan\u00e7a livro com relatos sobre o sindicalismo"},"content":{"rendered":"<div><em><br \/>\nA publica\u00e7\u00e3o registra importantes cap\u00edtulos dos movimentos reivindicat\u00f3rios e conquistas alcan\u00e7adas sob a lideran\u00e7a das entidades filiadas<\/em><\/div>\n<div><\/div>\n<div><span>A Federa\u00e7\u00e3o Nacional do Fisco Estadual e Distrital (Fenafisco) lan\u00e7ar\u00e1 na pr\u00f3xima quarta-feira (27), o livro Sindicalismo do Fisco Estadual e Distrital \u2013 Breves Relatos. As principais bandeiras que nortearam os movimentos dos sindicatos filiados \u00e0 Federa\u00e7\u00e3o, negocia\u00e7\u00f5es de sucesso e os marcos regulat\u00f3rios s\u00e3o os grandes destaques da publica\u00e7\u00e3o. <\/span><\/div>\n<div><\/div>\n<div><span>O lan\u00e7amento, que faz parte da programa\u00e7\u00e3o do primeiro dia da reuni\u00e3o do Conselho Deliberativo da Fenafisco, ser\u00e1 no Hotel Bras\u00edlia Imperial, \u00e0s 20h, em Bras\u00edlia.<br \/>\n<\/span><\/div>\n<div><\/div>\n<div><span>\u201cO lan\u00e7amento do livro \u00e9 motivo de muita alegria para n\u00f3s, principalmente para mostrar que atuamos permanentemente pela amplia\u00e7\u00e3o de pol\u00edticas p\u00fablicas inclusivas e que promovam o desenvolvimento econ\u00f4mico e social, a cidadania e a justi\u00e7a fiscal no Brasil\u201d, afirma o presidente da Fenafisco, Charles Alcantara.<br \/>\n<\/span><\/div>\n<div><\/div>\n<div><span>&#8220;Al\u00e9m disso, a divulga\u00e7\u00e3o trar\u00e1 um pouco da hist\u00f3ria da Federa\u00e7\u00e3o e toda a trajet\u00f3ria at\u00e9 se consolidar como maior entidade sindical do Fisco de todo o pa\u00eds&#8221;, informa a entidade. Atualmente, a Fenafisco representa os servidores p\u00fablicos fiscais tribut\u00e1rios e est\u00e1 presente nos 26 estados e no Distrito Federal, com 32 sindicatos filiados, somando mais de 35.000 sindicalizados.<br \/>\n<\/span><\/div>\n<div><\/div>\n<div><span><strong>Lan\u00e7amento do livro Sindicalismo do Fisco Estadual e Distrital \u2013 Breves Relatos<\/strong><br \/>\nDia: 27 de novembro<br \/>\nHor\u00e1rio: 20h<br \/>\nLocal: Hotel Bras\u00edlia Imperial- SHS Q. 3 BL H &#8211; Asa Sul, Bras\u00edlia &#8211; DF<\/span><\/div>\n","protected":false},"excerpt":{"rendered":"<p>A publica\u00e7\u00e3o registra importantes cap\u00edtulos dos movimentos reivindicat\u00f3rios e conquistas alcan\u00e7adas sob a lideran\u00e7a das entidades filiadas A Federa\u00e7\u00e3o Nacional do Fisco Estadual e Distrital (Fenafisco) lan\u00e7ar\u00e1 na pr\u00f3xima quarta-feira (27), o livro Sindicalismo do Fisco Estadual e Distrital \u2013 Breves Relatos. As principais bandeiras que nortearam os movimentos dos sindicatos filiados \u00e0 Federa\u00e7\u00e3o, negocia\u00e7\u00f5es de sucesso e os marcos [&hellip;]<\/p>\n","protected":false},"author":27,"featured_media":0,"comment_status":"open","ping_status":"closed","sticky":false,"template":"","format":"standard","meta":{"footnotes":""},"categories":[2719],"tags":[7313,3355,3991,2596,3305,4320,247,1079,1042,16464,1198],"class_list":["post-14471","post","type-post","status-publish","format-standard","hentry","category-servidor","tag-conquistas","tag-desenvolvimento","tag-distrital","tag-economico","tag-estadual","tag-fenafisco","tag-fisco","tag-livro","tag-movimentos","tag-reivindicatorios","tag-sindicalismo"],"_links":{"self":[{"href":"https:\/\/blogs.correiobraziliense.com.br\/servidor\/wp-json\/wp\/v2\/posts\/14471","targetHints":{"allow":["GET"]}}],"collection":[{"href":"https:\/\/blogs.correiobraziliense.com.br\/servidor\/wp-json\/wp\/v2\/posts"}],"about":[{"href":"https:\/\/blogs.correiobraziliense.com.br\/servidor\/wp-json\/wp\/v2\/types\/post"}],"author":[{"embeddable":true,"href":"https:\/\/blogs.correiobraziliense.com.br\/servidor\/wp-json\/wp\/v2\/users\/27"}],"replies":[{"embeddable":true,"href":"https:\/\/blogs.correiobraziliense.com.br\/servidor\/wp-json\/wp\/v2\/comments?post=14471"}],"version-history":[{"count":1,"href":"https:\/\/blogs.correiobraziliense.com.br\/servidor\/wp-json\/wp\/v2\/posts\/14471\/revisions"}],"predecessor-version":[{"id":14472,"href":"https:\/\/blogs.correiobraziliense.com.br\/servidor\/wp-json\/wp\/v2\/posts\/14471\/revisions\/14472"}],"wp:attachment":[{"href":"https:\/\/blogs.correiobraziliense.com.br\/servidor\/wp-json\/wp\/v2\/media?parent=14471"}],"wp:term":[{"taxonomy":"category","embeddable":true,"href":"https:\/\/blogs.correiobraziliense.com.br\/servidor\/wp-json\/wp\/v2\/categories?post=14471"},{"taxonomy":"post_tag","embeddable":true,"href":"https:\/\/blogs.correiobraziliense.com.br\/servidor\/wp-json\/wp\/v2\/tags?post=14471"}],"curies":[{"name":"wp","href":"https:\/\/api.w.org\/{rel}","templated":true}]}}