{"id":14459,"date":"2019-11-19T15:24:39","date_gmt":"2019-11-19T18:24:39","guid":{"rendered":"https:\/\/blogs.correiobraziliense.com.br\/servidor\/?p=14459"},"modified":"2019-11-19T15:24:39","modified_gmt":"2019-11-19T18:24:39","slug":"matapolitica-violencia-contra-a-mulher-por-que-o-senado-quer-tornar-o-feminicidio-imprescritivel","status":"publish","type":"post","link":"https:\/\/blogs.correiobraziliense.com.br\/servidor\/matapolitica-violencia-contra-a-mulher-por-que-o-senado-quer-tornar-o-feminicidio-imprescritivel\/","title":{"rendered":"Matapol\u00edtica &#8211; Viol\u00eancia contra a mulher: por que o Senado quer tornar o feminic\u00eddio imprescrit\u00edvel"},"content":{"rendered":"<p><em>Viol\u00eancia contra a mulher: por que o Os principais argumentos em torno \u00e0 discuss\u00e3o da PEC 75\/2019<\/em><\/p>\n<p><img loading=\"lazy\" decoding=\"async\" class=\"alignright size-full wp-image-14460\" src=\"https:\/\/blogs.correiobraziliense.com.br\/servidor\/wp-content\/uploads\/sites\/10\/2019\/11\/image002.jpg\" alt=\"\" width=\"565\" height=\"376\" srcset=\"https:\/\/blogs.correiobraziliense.com.br\/servidor\/wp-content\/uploads\/sites\/10\/2019\/11\/image002.jpg 565w, https:\/\/blogs.correiobraziliense.com.br\/servidor\/wp-content\/uploads\/sites\/10\/2019\/11\/image002-300x200.jpg 300w, https:\/\/blogs.correiobraziliense.com.br\/servidor\/wp-content\/uploads\/sites\/10\/2019\/11\/image002-350x233.jpg 350w, https:\/\/blogs.correiobraziliense.com.br\/servidor\/wp-content\/uploads\/sites\/10\/2019\/11\/image002-550x366.jpg 550w, https:\/\/blogs.correiobraziliense.com.br\/servidor\/wp-content\/uploads\/sites\/10\/2019\/11\/image002-230x153.jpg 230w\" sizes=\"auto, (max-width: 565px) 100vw, 565px\" \/><\/p>\n<p>Foto: <a href=\"https:\/\/www.politize.com.br\/\" target=\"_blank\" rel=\"noopener\">Politize<\/a>!<\/p>\n<p><span>No \u00faltimo dia 6, o Senado Federal votou, em dois turnos, e aprovou uma Proposta de Emenda \u00e0 Constitui\u00e7\u00e3o (PEC) para tornar imprescrit\u00edveis os crimes de estupro e feminic\u00eddio.<br \/>\n<\/span><\/p>\n<p><span>A proposta incide sobre o artigo 5\u00ba (inciso XLII) da Constitui\u00e7\u00e3o Federal, que, hoje, veda a prescri\u00e7\u00e3o e o pagamento de fian\u00e7a para a pr\u00e1tica de racismo, e passaria a incluir o feminic\u00eddio e o estupro. Al\u00e9m do racismo, tamb\u00e9m constitui crime imprescrit\u00edvel e inafian\u00e7\u00e1vel \u201ca a\u00e7\u00e3o de grupos armados, civis ou militares, contra a ordem constitucional e o Estado Democr\u00e1tico\u201d.<br \/>\n<\/span><\/p>\n<p><span>Na pr\u00e1tica, n\u00e3o haveria um prazo para a puni\u00e7\u00e3o, nos termos da lei, de criminosos condenados por esses atos. Atualmente, calcula-se o tempo de prescri\u00e7\u00e3o em fun\u00e7\u00e3o das penas.<\/span><\/p>\n","protected":false},"excerpt":{"rendered":"<p>Viol\u00eancia contra a mulher: por que o Os principais argumentos em torno \u00e0 discuss\u00e3o da PEC 75\/2019 Foto: Politize! No \u00faltimo dia 6, o Senado Federal votou, em dois turnos, e aprovou uma Proposta de Emenda \u00e0 Constitui\u00e7\u00e3o (PEC) para tornar imprescrit\u00edveis os crimes de estupro e feminic\u00eddio. A proposta incide sobre o artigo 5\u00ba (inciso XLII) da Constitui\u00e7\u00e3o Federal, [&hellip;]<\/p>\n","protected":false},"author":27,"featured_media":0,"comment_status":"open","ping_status":"closed","sticky":false,"template":"","format":"standard","meta":{"footnotes":""},"categories":[2719],"tags":[185,1642,16457,16454,16456,15335,3716,16455,1979,696,4427],"class_list":["post-14459","post","type-post","status-publish","format-standard","hentry","category-servidor","tag-argumentos","tag-crimes","tag-estupro","tag-feminicippio","tag-impescritiveis","tag-metapolitica","tag-mulher","tag-pec-75-2019","tag-racismo","tag-senado","tag-violencia"],"_links":{"self":[{"href":"https:\/\/blogs.correiobraziliense.com.br\/servidor\/wp-json\/wp\/v2\/posts\/14459","targetHints":{"allow":["GET"]}}],"collection":[{"href":"https:\/\/blogs.correiobraziliense.com.br\/servidor\/wp-json\/wp\/v2\/posts"}],"about":[{"href":"https:\/\/blogs.correiobraziliense.com.br\/servidor\/wp-json\/wp\/v2\/types\/post"}],"author":[{"embeddable":true,"href":"https:\/\/blogs.correiobraziliense.com.br\/servidor\/wp-json\/wp\/v2\/users\/27"}],"replies":[{"embeddable":true,"href":"https:\/\/blogs.correiobraziliense.com.br\/servidor\/wp-json\/wp\/v2\/comments?post=14459"}],"version-history":[{"count":1,"href":"https:\/\/blogs.correiobraziliense.com.br\/servidor\/wp-json\/wp\/v2\/posts\/14459\/revisions"}],"predecessor-version":[{"id":14461,"href":"https:\/\/blogs.correiobraziliense.com.br\/servidor\/wp-json\/wp\/v2\/posts\/14459\/revisions\/14461"}],"wp:attachment":[{"href":"https:\/\/blogs.correiobraziliense.com.br\/servidor\/wp-json\/wp\/v2\/media?parent=14459"}],"wp:term":[{"taxonomy":"category","embeddable":true,"href":"https:\/\/blogs.correiobraziliense.com.br\/servidor\/wp-json\/wp\/v2\/categories?post=14459"},{"taxonomy":"post_tag","embeddable":true,"href":"https:\/\/blogs.correiobraziliense.com.br\/servidor\/wp-json\/wp\/v2\/tags?post=14459"}],"curies":[{"name":"wp","href":"https:\/\/api.w.org\/{rel}","templated":true}]}}