{"id":14450,"date":"2019-11-18T16:38:30","date_gmt":"2019-11-18T19:38:30","guid":{"rendered":"https:\/\/blogs.correiobraziliense.com.br\/servidor\/?p=14450"},"modified":"2019-11-18T16:38:30","modified_gmt":"2019-11-18T19:38:30","slug":"camara-recebe-exposicao-pelo-dia-nacional-da-consciencia-negra","status":"publish","type":"post","link":"https:\/\/blogs.correiobraziliense.com.br\/servidor\/camara-recebe-exposicao-pelo-dia-nacional-da-consciencia-negra\/","title":{"rendered":"C\u00e2mara recebe exposi\u00e7\u00e3o pelo Dia Nacional da Consci\u00eancia Negra"},"content":{"rendered":"<p><em>A C\u00e2mara dos Deputados recebe, de 19 de novembro a 18 de dezembro, no corredor de acesso ao Plen\u00e1rio Ulysses Guimar\u00e3es, a exposi\u00e7\u00e3o \u201c(Re)existir no Brasil: Trajet\u00f3rias Negras Brasileiras\u201d<\/em><\/p>\n<p><img loading=\"lazy\" decoding=\"async\" class=\"alignright size-full wp-image-14451\" src=\"https:\/\/blogs.correiobraziliense.com.br\/servidor\/wp-content\/uploads\/sites\/10\/2019\/11\/image004.jpg\" alt=\"\" width=\"567\" height=\"471\" srcset=\"https:\/\/blogs.correiobraziliense.com.br\/servidor\/wp-content\/uploads\/sites\/10\/2019\/11\/image004.jpg 567w, https:\/\/blogs.correiobraziliense.com.br\/servidor\/wp-content\/uploads\/sites\/10\/2019\/11\/image004-300x249.jpg 300w, https:\/\/blogs.correiobraziliense.com.br\/servidor\/wp-content\/uploads\/sites\/10\/2019\/11\/image004-350x291.jpg 350w, https:\/\/blogs.correiobraziliense.com.br\/servidor\/wp-content\/uploads\/sites\/10\/2019\/11\/image004-550x457.jpg 550w, https:\/\/blogs.correiobraziliense.com.br\/servidor\/wp-content\/uploads\/sites\/10\/2019\/11\/image004-230x191.jpg 230w\" sizes=\"auto, (max-width: 567px) 100vw, 567px\" \/><\/p>\n<p>A mostra, que celebra o Dia Nacional da Consci\u00eancia Negra, tra\u00e7a um breve panorama da resist\u00eancia de negros e negras na hist\u00f3ria recente do pa\u00eds, bem como suas contribui\u00e7\u00f5es, conquistas e demandas. A abertura oficial ser\u00e1 no dia 19 de novembro, \u00e0s 16 horas, no Hall da Taquigrafia.<\/p>\n<p><strong>O Dia Nacional da Consci\u00eancia Negra<\/strong><\/p>\n<p>Celebrado em 20 de novembro como refer\u00eancia ao nascimento do her\u00f3i Zumbi dos Palmares (1655\/1695). Representa uma oportunidade de reflex\u00e3o acerca da representa\u00e7\u00e3o e condi\u00e7\u00e3o social dos negros e negras brasileiros, dos desafios enfrentados e das conquistas alcan\u00e7adas no pa\u00eds.<\/p>\n<p>Se a Constitui\u00e7\u00e3o Federal de 1988 e o Estatuto da Igualdade Racial de 2010 significaram avan\u00e7os importantes no combate \u00e0 desigualdade racial, as estat\u00edsticas ainda demonstram que h\u00e1 um longo caminho a ser percorrido pelo Brasil no que diz respeito ao cumprimento de pol\u00edticas p\u00fablicas que tragam igualdade de oportunidades e possibilitem condi\u00e7\u00f5es de vida dignas a negros e negras na sociedade brasileira contempor\u00e2nea.<\/p>\n<p><strong>Servi\u00e7o<\/strong><\/p>\n<p>Exposi\u00e7\u00e3o \u201c(Re)existir no Brasil: Trajet\u00f3rias Negras Brasileiras\u201d<br \/>\nAbertura oficial: Dia 19\/11 \u2013 Hall da Taquigrafia da C\u00e2mara dos Deputados<br \/>\nVisita\u00e7\u00e3o: de 19 de novembro a 18 de dezembro de 2019 &#8211; de segunda a sexta, das 9h \u00e0s 17h<br \/>\nLocal: Corredor de acesso ao Plen\u00e1rio Ulysses Guimar\u00e3es da C\u00e2mara dos Deputados<br \/>\n<em>Entrada Franca<\/em><\/p>\n","protected":false},"excerpt":{"rendered":"<p>A C\u00e2mara dos Deputados recebe, de 19 de novembro a 18 de dezembro, no corredor de acesso ao Plen\u00e1rio Ulysses Guimar\u00e3es, a exposi\u00e7\u00e3o \u201c(Re)existir no Brasil: Trajet\u00f3rias Negras Brasileiras\u201d A mostra, que celebra o Dia Nacional da Consci\u00eancia Negra, tra\u00e7a um breve panorama da resist\u00eancia de negros e negras na hist\u00f3ria recente do pa\u00eds, bem como suas contribui\u00e7\u00f5es, conquistas e [&hellip;]<\/p>\n","protected":false},"author":27,"featured_media":0,"comment_status":"open","ping_status":"closed","sticky":false,"template":"","format":"standard","meta":{"footnotes":""},"categories":[2719],"tags":[1531,7313,2584,2488,16446,1500,6115,9813,2610,1924,16447,1043],"class_list":["post-14450","post","type-post","status-publish","format-standard","hentry","category-servidor","tag-camara-dos-deputados","tag-conquistas","tag-constituicao","tag-contribuicoes","tag-corredor","tag-demandas","tag-desigualdade","tag-dia-nacional-da-consciencia-negra","tag-estatisticas","tag-exposicao","tag-plenario-ulysses-guimaraes","tag-resistencia"],"_links":{"self":[{"href":"https:\/\/blogs.correiobraziliense.com.br\/servidor\/wp-json\/wp\/v2\/posts\/14450","targetHints":{"allow":["GET"]}}],"collection":[{"href":"https:\/\/blogs.correiobraziliense.com.br\/servidor\/wp-json\/wp\/v2\/posts"}],"about":[{"href":"https:\/\/blogs.correiobraziliense.com.br\/servidor\/wp-json\/wp\/v2\/types\/post"}],"author":[{"embeddable":true,"href":"https:\/\/blogs.correiobraziliense.com.br\/servidor\/wp-json\/wp\/v2\/users\/27"}],"replies":[{"embeddable":true,"href":"https:\/\/blogs.correiobraziliense.com.br\/servidor\/wp-json\/wp\/v2\/comments?post=14450"}],"version-history":[{"count":1,"href":"https:\/\/blogs.correiobraziliense.com.br\/servidor\/wp-json\/wp\/v2\/posts\/14450\/revisions"}],"predecessor-version":[{"id":14452,"href":"https:\/\/blogs.correiobraziliense.com.br\/servidor\/wp-json\/wp\/v2\/posts\/14450\/revisions\/14452"}],"wp:attachment":[{"href":"https:\/\/blogs.correiobraziliense.com.br\/servidor\/wp-json\/wp\/v2\/media?parent=14450"}],"wp:term":[{"taxonomy":"category","embeddable":true,"href":"https:\/\/blogs.correiobraziliense.com.br\/servidor\/wp-json\/wp\/v2\/categories?post=14450"},{"taxonomy":"post_tag","embeddable":true,"href":"https:\/\/blogs.correiobraziliense.com.br\/servidor\/wp-json\/wp\/v2\/tags?post=14450"}],"curies":[{"name":"wp","href":"https:\/\/api.w.org\/{rel}","templated":true}]}}