{"id":1441,"date":"2016-04-07T19:34:37","date_gmt":"2016-04-07T22:34:37","guid":{"rendered":"https:\/\/blogs.correiobraziliense.com.br\/servidor\/?p=1441"},"modified":"2016-04-07T19:34:37","modified_gmt":"2016-04-07T22:34:37","slug":"30-horas-para-peritos-medicos-do-inss","status":"publish","type":"post","link":"https:\/\/blogs.correiobraziliense.com.br\/servidor\/30-horas-para-peritos-medicos-do-inss\/","title":{"rendered":"JORNADA DE 30 HORAS PARA M\u00c9DICOS PERITOS DO INSS"},"content":{"rendered":"<div>\n<div>A Comiss\u00e3o de Assuntos Sociais (CAS) aprovou, ontem, a e Emenda do relator, senador Waldemir Moka (PMDB-MS), ao texto do PLS 120\/2014, que reduz de 40 horas para 30 horas semanais a jornada dos m\u00e9dicos peritos do Instituto Nacional do Seguro Social (INSS), com a garantia de que a medida n\u00e3o implicar\u00e1 diminui\u00e7\u00e3o da remunera\u00e7\u00e3o.<\/div>\n<div><\/div>\n<div>Para a senadora Ana Am\u00e9lia (PP-RS), autora da proposta, as atividades de perito m\u00e9dico previdenci\u00e1rio e de supervisor m\u00e9dico-pericial exigem alto grau de qualifica\u00e7\u00e3o e que esses profissionais sujeitam-se a um n\u00edvel significativo de estresse, com riscos \u00e0 sua integridade f\u00edsica e emocional. Ela defende que a redu\u00e7\u00e3o da jornada ter\u00e1 como resultado a melhoria na qualidade e na efici\u00eancia do atendimento pericial.<\/div>\n<div><\/div>\n<div>No entender de Moka, por outro lado, o objetivo \u00e9 harmonizar o direito constitucional que os m\u00e9dicos t\u00eam de exercerem cumulativamente dois cargos p\u00fablicos. A jornada de 40 horas, estabelecida pela Lei n\u00ba 11.907\/2009, praticamente inviabiliza o direito \u00e0 acumula\u00e7\u00e3o de cargo. Ele disse, ainda, que a mudan\u00e7a n\u00e3o ter\u00e1 impacto or\u00e7ament\u00e1rio, pois a redu\u00e7\u00e3o da jornada desses profissionais j\u00e1 vem sendo implementada por for\u00e7a de ato administrativo do INSS (Resolu\u00e7\u00e3o 336\/2013). Segundo ele, dos 5.200 m\u00e9dicos peritos do INSS, 3.200 j\u00e1 possuem um segundo emprego.<\/div>\n<div><\/div>\n<div>\u00a0&#8220;Os peritos t\u00eam outro emprego porque a remunera\u00e7\u00e3o paga pelo INSS \u00e9 insuficiente para que se mantenham&#8221;, destacou Moka. Ele disse que o pr\u00f3prio INSS tem a perder com a manuten\u00e7\u00e3o da jornada de oito horas. A tend\u00eancia dos peritos m\u00e9dicos \u00e9 pedir exonera\u00e7\u00e3o, buscando empregos que garantam jornadas mais flex\u00edveis ou em jornada ampliada, mas com sal\u00e1rios melhores.\u00a0&#8220;Sabemos que m\u00e9dicos ganham de prefeituras [sal\u00e1rios] de R$ 20 mil a R$ 30 mil&#8221;, destacou.<\/div>\n<div><\/div>\n<div>A mat\u00e9ria, que ainda ser\u00e1 submetida \u00e0 an\u00e1lise da Comiss\u00e3o de Constitui\u00e7\u00e3o, Justi\u00e7a e Cidadania (CCJ), recebeu voto contr\u00e1rio do senador Jos\u00e9 Pimentel (PT-CE). Ex-ministro da Previd\u00eancia Social, ele disse que a jornada de seis horas pode ser muito boa para os profissionais das carreiras de per\u00edcia, mas p\u00e9ssima para os trabalhadores em geral.<\/div>\n<div><\/div>\n<\/div>\n<p>&nbsp;<\/p>\n","protected":false},"excerpt":{"rendered":"<p>A Comiss\u00e3o de Assuntos Sociais (CAS) aprovou, ontem, a e Emenda do relator, senador Waldemir Moka (PMDB-MS), ao texto do PLS 120\/2014, que reduz de 40 horas para 30 horas semanais a jornada dos m\u00e9dicos peritos do Instituto Nacional do Seguro Social (INSS), com a garantia de que a medida n\u00e3o implicar\u00e1 diminui\u00e7\u00e3o da remunera\u00e7\u00e3o. Para a senadora Ana Am\u00e9lia [&hellip;]<\/p>\n","protected":false},"author":27,"featured_media":0,"comment_status":"open","ping_status":"closed","sticky":false,"template":"","format":"standard","meta":{"footnotes":""},"categories":[1],"tags":[1624,1625,11,1623,174,504,1626],"class_list":["post-1441","post","type-post","status-publish","format-standard","hentry","category-sem-categoria","tag-30-horas","tag-cas","tag-inss","tag-jornada","tag-medicos","tag-peritos","tag-pls-1202014"],"_links":{"self":[{"href":"https:\/\/blogs.correiobraziliense.com.br\/servidor\/wp-json\/wp\/v2\/posts\/1441","targetHints":{"allow":["GET"]}}],"collection":[{"href":"https:\/\/blogs.correiobraziliense.com.br\/servidor\/wp-json\/wp\/v2\/posts"}],"about":[{"href":"https:\/\/blogs.correiobraziliense.com.br\/servidor\/wp-json\/wp\/v2\/types\/post"}],"author":[{"embeddable":true,"href":"https:\/\/blogs.correiobraziliense.com.br\/servidor\/wp-json\/wp\/v2\/users\/27"}],"replies":[{"embeddable":true,"href":"https:\/\/blogs.correiobraziliense.com.br\/servidor\/wp-json\/wp\/v2\/comments?post=1441"}],"version-history":[{"count":1,"href":"https:\/\/blogs.correiobraziliense.com.br\/servidor\/wp-json\/wp\/v2\/posts\/1441\/revisions"}],"predecessor-version":[{"id":1442,"href":"https:\/\/blogs.correiobraziliense.com.br\/servidor\/wp-json\/wp\/v2\/posts\/1441\/revisions\/1442"}],"wp:attachment":[{"href":"https:\/\/blogs.correiobraziliense.com.br\/servidor\/wp-json\/wp\/v2\/media?parent=1441"}],"wp:term":[{"taxonomy":"category","embeddable":true,"href":"https:\/\/blogs.correiobraziliense.com.br\/servidor\/wp-json\/wp\/v2\/categories?post=1441"},{"taxonomy":"post_tag","embeddable":true,"href":"https:\/\/blogs.correiobraziliense.com.br\/servidor\/wp-json\/wp\/v2\/tags?post=1441"}],"curies":[{"name":"wp","href":"https:\/\/api.w.org\/{rel}","templated":true}]}}