{"id":14397,"date":"2019-11-08T23:49:49","date_gmt":"2019-11-09T02:49:49","guid":{"rendered":"https:\/\/blogs.correiobraziliense.com.br\/servidor\/?p=14397"},"modified":"2019-11-08T23:49:49","modified_gmt":"2019-11-09T02:49:49","slug":"renata-gil-vence-eleicao-e-sera-a-primeira-mulher-a-assumir-a-amb-na-historia","status":"publish","type":"post","link":"https:\/\/blogs.correiobraziliense.com.br\/servidor\/renata-gil-vence-eleicao-e-sera-a-primeira-mulher-a-assumir-a-amb-na-historia\/","title":{"rendered":"Renata Gil vence elei\u00e7\u00e3o e ser\u00e1 a primeira mulher a assumir a AMB na hist\u00f3ria"},"content":{"rendered":"<p><em>A ju\u00edza Renata Gil, da chapa AMB+Forte, Uma s\u00f3 Magistratura, foi eleita presidente da Associa\u00e7\u00e3o dos Magistrados Brasileiros (AMB) para o tri\u00eanio 2020-2022. O resultado das urnas foi divulgado na noite desta sexta-feira (8). Primeira mulher a ocupar o cargo desde a cria\u00e7\u00e3o da Associa\u00e7\u00e3o, h\u00e1 70 anos, a ju\u00edza e sua chapa receberam 6.584 votos (80%) \u2013 maior n\u00famero da hist\u00f3ria da Associa\u00e7\u00e3o.\u00a0O candidato Luiz Gomes da Rocha, da Magistratura Independente, contabilizou 951 votos, e Jos\u00e9 Carlos Kulzer, da chapa Unidade (da Carreira e (\u00e9) Independ\u00eancia (da Magistratura), 765 votos<\/em><\/p>\n<p><img loading=\"lazy\" decoding=\"async\" class=\"alignright size-large wp-image-14398\" src=\"https:\/\/blogs.correiobraziliense.com.br\/servidor\/wp-content\/uploads\/sites\/10\/2019\/11\/Juiza-Renata-Gil-682x1024.jpeg\" alt=\"\" width=\"682\" height=\"1024\" srcset=\"https:\/\/blogs.correiobraziliense.com.br\/servidor\/wp-content\/uploads\/sites\/10\/2019\/11\/Juiza-Renata-Gil-682x1024.jpeg 682w, https:\/\/blogs.correiobraziliense.com.br\/servidor\/wp-content\/uploads\/sites\/10\/2019\/11\/Juiza-Renata-Gil-200x300.jpeg 200w, https:\/\/blogs.correiobraziliense.com.br\/servidor\/wp-content\/uploads\/sites\/10\/2019\/11\/Juiza-Renata-Gil-768x1152.jpeg 768w, https:\/\/blogs.correiobraziliense.com.br\/servidor\/wp-content\/uploads\/sites\/10\/2019\/11\/Juiza-Renata-Gil-233x350.jpeg 233w, https:\/\/blogs.correiobraziliense.com.br\/servidor\/wp-content\/uploads\/sites\/10\/2019\/11\/Juiza-Renata-Gil-550x825.jpeg 550w, https:\/\/blogs.correiobraziliense.com.br\/servidor\/wp-content\/uploads\/sites\/10\/2019\/11\/Juiza-Renata-Gil-230x345.jpeg 230w, https:\/\/blogs.correiobraziliense.com.br\/servidor\/wp-content\/uploads\/sites\/10\/2019\/11\/Juiza-Renata-Gil.jpeg 853w\" sizes=\"auto, (max-width: 682px) 100vw, 682px\" \/><\/p>\n<p>&#8220;O pleito deste ano comprovou mais uma vez a tradi\u00e7\u00e3o democr\u00e1tica da AMB. Com a vit\u00f3ria da Renata Gil, o presidente Jayme de Oliveira conseguiu fazer o seu sucessor, prova da sua lideran\u00e7a \u00e0 frente da entidade e de seu empenho nas atividades associativas. O fato n\u00e3o ocorria desde 2010&#8221;, destaca a AMB.<\/p>\n<p>Renata Gil fazia parte da Diretoria da AMB at\u00e9 3 de setembro, como vice-presidente Institucional, quando teve que se licenciar para concorrer ao cargo, conforme estabelece o Estatuto da entidade.<\/p>\n<p>A magistrada afirmou que sua principal bandeira de gest\u00e3o ser\u00e1 o fortalecimento da Magistratura. \u201cA carreira \u00e9 vital\u00edcia, o que imp\u00f5e tratamento igual a aposentados e ativos. Atuarei pela independ\u00eancia do Judici\u00e1rio, pela autonomia dos tribunais e por condi\u00e7\u00f5es de trabalho na primeira inst\u00e2ncia, que atende \u00e0s metas do Conselho Nacional de Justi\u00e7a (CNJ) e dos tribunais sem meios suficientes para tanto\u201d.<\/p>\n<p>A nova diretoria da AMB tomar\u00e1 posse em 11 de dezembro, no Superior Tribunal de Justi\u00e7a (STJ), em Bras\u00edlia (DF).<\/p>\n<p><strong>Curr\u00edculo<\/strong><br \/>\nJu\u00edza titular da 40\u00aa Vara Criminal do Tribunal de Justi\u00e7a do Rio de Janeiro (TJRJ), nascida no Rio de Janeiro (RJ), formou-se em Direito na Universidade Estadual do Rio de Janeiro, em 1994. Ingressou na Magistratura fluminense em janeiro de 1998, por concurso de provas e t\u00edtulos, e atuou nas comarcas de Macabu, Silva Jardim, Rio Bonito e Rio de Janeiro.<\/p>\n<p>Na Amaerj, tornou-se a primeira mulher a assumir a presid\u00eancia em 2016-2017, sendo reeleita para o bi\u00eanio 2018-2019. Na AMB, foi tamb\u00e9m vice-presidente de Direitos Humanos no tri\u00eanio 2011-2013.<\/p>\n<p>Atuou como coordenadora-adjunta da pesquisa \u201cQuem somos. A Magistratura que queremos\u201d realizada em conjunto pela AMB e Pontif\u00edcia Universidade Cat\u00f3lica do Rio de Janeiro (PUC-RJ). Integra grupo de trabalho, criado pela Presid\u00eancia do CNJ, para tratar sobre o cumprimento da Resolu\u00e7\u00e3o CNJ 255\/2018, que institui a pol\u00edtica nacional de incentivo a participa\u00e7\u00e3o institucional feminina no Poder Judici\u00e1rio.<\/p>\n","protected":false},"excerpt":{"rendered":"<p>A ju\u00edza Renata Gil, da chapa AMB+Forte, Uma s\u00f3 Magistratura, foi eleita presidente da Associa\u00e7\u00e3o dos Magistrados Brasileiros (AMB) para o tri\u00eanio 2020-2022. O resultado das urnas foi divulgado na noite desta sexta-feira (8). Primeira mulher a ocupar o cargo desde a cria\u00e7\u00e3o da Associa\u00e7\u00e3o, h\u00e1 70 anos, a ju\u00edza e sua chapa receberam 6.584 votos (80%) \u2013 maior n\u00famero [&hellip;]<\/p>\n","protected":false},"author":27,"featured_media":0,"comment_status":"open","ping_status":"closed","sticky":false,"template":"","format":"standard","meta":{"footnotes":""},"categories":[2719],"tags":[1409,106,1573,6936,3716,1555,16400,2508,5829],"class_list":["post-14397","post","type-post","status-publish","format-standard","hentry","category-servidor","tag-amb","tag-eleicao","tag-juiza","tag-magistrada","tag-mulher","tag-primeira","tag-renata-gil","tag-resultado","tag-votos"],"_links":{"self":[{"href":"https:\/\/blogs.correiobraziliense.com.br\/servidor\/wp-json\/wp\/v2\/posts\/14397","targetHints":{"allow":["GET"]}}],"collection":[{"href":"https:\/\/blogs.correiobraziliense.com.br\/servidor\/wp-json\/wp\/v2\/posts"}],"about":[{"href":"https:\/\/blogs.correiobraziliense.com.br\/servidor\/wp-json\/wp\/v2\/types\/post"}],"author":[{"embeddable":true,"href":"https:\/\/blogs.correiobraziliense.com.br\/servidor\/wp-json\/wp\/v2\/users\/27"}],"replies":[{"embeddable":true,"href":"https:\/\/blogs.correiobraziliense.com.br\/servidor\/wp-json\/wp\/v2\/comments?post=14397"}],"version-history":[{"count":1,"href":"https:\/\/blogs.correiobraziliense.com.br\/servidor\/wp-json\/wp\/v2\/posts\/14397\/revisions"}],"predecessor-version":[{"id":14399,"href":"https:\/\/blogs.correiobraziliense.com.br\/servidor\/wp-json\/wp\/v2\/posts\/14397\/revisions\/14399"}],"wp:attachment":[{"href":"https:\/\/blogs.correiobraziliense.com.br\/servidor\/wp-json\/wp\/v2\/media?parent=14397"}],"wp:term":[{"taxonomy":"category","embeddable":true,"href":"https:\/\/blogs.correiobraziliense.com.br\/servidor\/wp-json\/wp\/v2\/categories?post=14397"},{"taxonomy":"post_tag","embeddable":true,"href":"https:\/\/blogs.correiobraziliense.com.br\/servidor\/wp-json\/wp\/v2\/tags?post=14397"}],"curies":[{"name":"wp","href":"https:\/\/api.w.org\/{rel}","templated":true}]}}