{"id":14381,"date":"2019-11-08T11:25:29","date_gmt":"2019-11-08T14:25:29","guid":{"rendered":"https:\/\/blogs.correiobraziliense.com.br\/servidor\/?p=14381"},"modified":"2019-11-08T11:34:57","modified_gmt":"2019-11-08T14:34:57","slug":"receita-antecipa-consulta-ao-sexto-lote-de-restituicao-do-irpf-2019","status":"publish","type":"post","link":"https:\/\/blogs.correiobraziliense.com.br\/servidor\/receita-antecipa-consulta-ao-sexto-lote-de-restituicao-do-irpf-2019\/","title":{"rendered":"Receita antecipa consulta ao sexto lote de restitui\u00e7\u00e3o do IRPF 2019"},"content":{"rendered":"<p><em>A Receita Federal abre nesta sexta-feira (08\/11), a consulta ao sexto lote de restitui\u00e7\u00e3o do IRPF 2019. Normalmente, a consulta \u00e9 aberta uma semana antes do pagamento. Entretanto, em fun\u00e7\u00e3o do feriado de 15 de novembro, a Receita adiantou para a manha de hoje. O lote de restitui\u00e7\u00e3o do Imposto sobre a Renda da Pessoa F\u00edsica tem tamb\u00e9m restitui\u00e7\u00f5es residuais de 2008 a 2018<\/em><\/p>\n<p>O cr\u00e9dito banc\u00e1rio para 1.365.366 contribuintes ser\u00e1 ema 18 de novembro, totalizando R$ 2,1 bilh\u00f5es. Desse total, R$ 207.186.130,72 s\u00e3o para contribuintes de que tratam o art. 16 da Lei n\u00ba 9.250\/95 e o Art. 69-A da Lei n\u00ba 9.784\/99, sendo 5.270 idosos acima de 80 anos, 32.641 entre 60 e 79 anos, 4.673 com alguma defici\u00eancia f\u00edsica ou mental ou mol\u00e9stia grave e 16.408 contribuintes cuja maior fonte de renda seja o magist\u00e9rio.<\/p>\n<p>Os montantes de restitui\u00e7\u00e3o para cada exerc\u00edcio, e a respectiva taxa de juros (Selic) aplicada:<\/p>\n<p><img decoding=\"async\" class=\"CToWUd a6T\" src=\"https:\/\/mail.google.com\/mail\/u\/0?ui=2&amp;ik=161b52c0c4&amp;attid=0.1&amp;permmsgid=msg-f:1649642777543245479&amp;th=16e4b55db1c0fea7&amp;view=fimg&amp;sz=s0-l75-ft&amp;attbid=ANGjdJ9jXDoUdWwzsFO3I5VV7HFlZ1jzY-Ado1xY6LqPPxPP7ALR-XrlTkoqbjGO4b6XNohGZgPanK0vbHeOZlGhxQznZ5iuoAAisau_wfsMxIaOnr7SgcOJgAGuQoo&amp;disp=emb\" \/><\/p>\n<div>\n<p>Para saber se a declara\u00e7\u00e3o foi liberada, o contribuinte dever\u00e1 acessar a p\u00e1gina da Receita na Internet (<a href=\"http:\/\/rfb.gov.br\/\" target=\"_blank\" rel=\"noopener\">http:\/\/rfb.gov.br<\/a>), ou ligar para o Receitafone 146. Na consulta \u00e0 p\u00e1gina da Receita, servi\u00e7o e-CAC, \u00e9 poss\u00edvel acessar o extrato da declara\u00e7\u00e3o e ver se h\u00e1 inconsist\u00eancias de dados identificadas pelo processamento. Nesta hip\u00f3tese, o contribuinte pode avaliar as inconsist\u00eancias e fazer a autorregulariza\u00e7\u00e3o, mediante entrega de declara\u00e7\u00e3o retificadora.Est\u00e1 dispon\u00edvel, ainda, na Receita, aplicativo para tablets e smartphones que facilita consulta \u00e0s declara\u00e7\u00f5es do IRPF e situa\u00e7\u00e3o cadastral no CPF. Com ele ser\u00e1 poss\u00edvel consultar diretamente nas bases da Receita Federal informa\u00e7\u00f5es sobre libera\u00e7\u00e3o das restitui\u00e7\u00f5es do IRPF e a situa\u00e7\u00e3o cadastral de uma inscri\u00e7\u00e3o no CPF, avisa a Receita.<\/p>\n<p>&#8220;A restitui\u00e7\u00e3o ficar\u00e1 dispon\u00edvel no banco durante um ano. Se o contribuinte n\u00e3o fizer o resgate nesse prazo, dever\u00e1 requer\u00ea-la por meio da Internet, mediante o Formul\u00e1rio Eletr\u00f4nico &#8211; Pedido de Pagamento de Restitui\u00e7\u00e3o, ou diretamente no e-CAC, no servi\u00e7o Extrato do Processamento da DIRPF.<\/p>\n<p>Caso o valor n\u00e3o seja creditado, o contribuinte poder\u00e1 ir pessoalmente a qualquer ag\u00eancia do BB ou ligar para a Central de Atendimento 4004-0001 (capitais), 0800-729-0001 (demais localidades) e 0800-729-0088 (telefone especial exclusivo para deficientes auditivos) para agendar o cr\u00e9dito em conta-corrente ou poupan\u00e7a, em seu nome, em qualquer banco.<\/p>\n<\/div>\n","protected":false},"excerpt":{"rendered":"<p>A Receita Federal abre nesta sexta-feira (08\/11), a consulta ao sexto lote de restitui\u00e7\u00e3o do IRPF 2019. Normalmente, a consulta \u00e9 aberta uma semana antes do pagamento. Entretanto, em fun\u00e7\u00e3o do feriado de 15 de novembro, a Receita adiantou para a manha de hoje. O lote de restitui\u00e7\u00e3o do Imposto sobre a Renda da Pessoa F\u00edsica tem tamb\u00e9m restitui\u00e7\u00f5es residuais [&hellip;]<\/p>\n","protected":false},"author":27,"featured_media":14384,"comment_status":"open","ping_status":"closed","sticky":false,"template":"","format":"standard","meta":{"footnotes":""},"categories":[2719],"tags":[4141,1422,515,1767,3074,443,16391,394,151,294,739],"class_list":["post-14381","post","type-post","status-publish","format-standard","has-post-thumbnail","hentry","category-servidor","tag-bancario","tag-consulta","tag-contribuintes","tag-credito","tag-deficiencia","tag-idosos","tag-irpf-2019","tag-magisterio","tag-pagamento","tag-receita-federal","tag-restituicao"],"_links":{"self":[{"href":"https:\/\/blogs.correiobraziliense.com.br\/servidor\/wp-json\/wp\/v2\/posts\/14381","targetHints":{"allow":["GET"]}}],"collection":[{"href":"https:\/\/blogs.correiobraziliense.com.br\/servidor\/wp-json\/wp\/v2\/posts"}],"about":[{"href":"https:\/\/blogs.correiobraziliense.com.br\/servidor\/wp-json\/wp\/v2\/types\/post"}],"author":[{"embeddable":true,"href":"https:\/\/blogs.correiobraziliense.com.br\/servidor\/wp-json\/wp\/v2\/users\/27"}],"replies":[{"embeddable":true,"href":"https:\/\/blogs.correiobraziliense.com.br\/servidor\/wp-json\/wp\/v2\/comments?post=14381"}],"version-history":[{"count":3,"href":"https:\/\/blogs.correiobraziliense.com.br\/servidor\/wp-json\/wp\/v2\/posts\/14381\/revisions"}],"predecessor-version":[{"id":14386,"href":"https:\/\/blogs.correiobraziliense.com.br\/servidor\/wp-json\/wp\/v2\/posts\/14381\/revisions\/14386"}],"wp:featuredmedia":[{"embeddable":true,"href":"https:\/\/blogs.correiobraziliense.com.br\/servidor\/wp-json\/wp\/v2\/media\/14384"}],"wp:attachment":[{"href":"https:\/\/blogs.correiobraziliense.com.br\/servidor\/wp-json\/wp\/v2\/media?parent=14381"}],"wp:term":[{"taxonomy":"category","embeddable":true,"href":"https:\/\/blogs.correiobraziliense.com.br\/servidor\/wp-json\/wp\/v2\/categories?post=14381"},{"taxonomy":"post_tag","embeddable":true,"href":"https:\/\/blogs.correiobraziliense.com.br\/servidor\/wp-json\/wp\/v2\/tags?post=14381"}],"curies":[{"name":"wp","href":"https:\/\/api.w.org\/{rel}","templated":true}]}}