{"id":14375,"date":"2019-11-07T21:05:12","date_gmt":"2019-11-08T00:05:12","guid":{"rendered":"https:\/\/blogs.correiobraziliense.com.br\/servidor\/?p=14375"},"modified":"2019-11-07T21:05:12","modified_gmt":"2019-11-08T00:05:12","slug":"mec-ate-dia-11-instituicoes-devem-indicar-representante-para-alimentar-banco-de-dados","status":"publish","type":"post","link":"https:\/\/blogs.correiobraziliense.com.br\/servidor\/mec-ate-dia-11-instituicoes-devem-indicar-representante-para-alimentar-banco-de-dados\/","title":{"rendered":"mec &#8211; At\u00e9 dia 11, institui\u00e7\u00f5es devem indicar representante para alimentar banco de dados"},"content":{"rendered":"<p><em>O Minist\u00e9rio da Educa\u00e7\u00e3o (MEC) informa que as institui\u00e7\u00f5es de ensino da educa\u00e7\u00e3o b\u00e1sica, profissional e tecnol\u00f3gica e superior devem indicar representante para abastecer o Sistema Educacional Brasileiro (SEB) at\u00e9 segunda-feira, 11 de novembro<\/em><\/p>\n<p>Os profissionais devem ter v\u00ednculo com as institui\u00e7\u00f5es de ensino. A indica\u00e7\u00e3o precisa ser feita pelos procuradores institucionais, no caso da educa\u00e7\u00e3o superior, e pelos gestores escolares nas escolas p\u00fablicas e privadas. O registro tem que ser pelo pr\u00f3prio site do sistema, que fica dentro da p\u00e1gina do Instituto Nacional de Pesquisas e Estudos Educacionais An\u00edsio Teixeira.<\/p>\n<p>Eles ter\u00e3o a fun\u00e7\u00e3o de alimentar a plataforma, j\u00e1 a partir do dia 11, com informa\u00e7\u00f5es como nome completo, foto recente, n\u00famero do CPF e data de nascimento do aluno. Tamb\u00e9m ser\u00e3o registrados n\u00edvel e modalidade de educa\u00e7\u00e3o de ensino.<\/p>\n<p>&#8220;A ideia \u00e9 reunir as informa\u00e7\u00f5es em um banco de dados nacional dos estudantes. Trata-se de uma ferramenta importante para subsidiar a emiss\u00e3o da ID Estudantil, carteira digital e gratuita do Minist\u00e9rio da Educa\u00e7\u00e3o (MEC) que, em breve, ser\u00e1 disponibilizada. O documento poder\u00e1 ser baixado nas lojas virtuais do celular&#8221;, destaca o \u00f3rg\u00e3o.<\/p>\n","protected":false},"excerpt":{"rendered":"<p>O Minist\u00e9rio da Educa\u00e7\u00e3o (MEC) informa que as institui\u00e7\u00f5es de ensino da educa\u00e7\u00e3o b\u00e1sica, profissional e tecnol\u00f3gica e superior devem indicar representante para abastecer o Sistema Educacional Brasileiro (SEB) at\u00e9 segunda-feira, 11 de novembro Os profissionais devem ter v\u00ednculo com as institui\u00e7\u00f5es de ensino. A indica\u00e7\u00e3o precisa ser feita pelos procuradores institucionais, no caso da educa\u00e7\u00e3o superior, e pelos gestores [&hellip;]<\/p>\n","protected":false},"author":27,"featured_media":0,"comment_status":"open","ping_status":"closed","sticky":false,"template":"","format":"standard","meta":{"footnotes":""},"categories":[2719],"tags":[16387,9854,1296,16388,1416,392,1235,478,3366,2304,8316],"class_list":["post-14375","post","type-post","status-publish","format-standard","hentry","category-servidor","tag-banco-de-dados","tag-educacao-basica","tag-ensino","tag-id-estudantil","tag-instituicoes","tag-mec","tag-procuradores","tag-profissional","tag-seb","tag-superior","tag-tecnologica"],"_links":{"self":[{"href":"https:\/\/blogs.correiobraziliense.com.br\/servidor\/wp-json\/wp\/v2\/posts\/14375","targetHints":{"allow":["GET"]}}],"collection":[{"href":"https:\/\/blogs.correiobraziliense.com.br\/servidor\/wp-json\/wp\/v2\/posts"}],"about":[{"href":"https:\/\/blogs.correiobraziliense.com.br\/servidor\/wp-json\/wp\/v2\/types\/post"}],"author":[{"embeddable":true,"href":"https:\/\/blogs.correiobraziliense.com.br\/servidor\/wp-json\/wp\/v2\/users\/27"}],"replies":[{"embeddable":true,"href":"https:\/\/blogs.correiobraziliense.com.br\/servidor\/wp-json\/wp\/v2\/comments?post=14375"}],"version-history":[{"count":1,"href":"https:\/\/blogs.correiobraziliense.com.br\/servidor\/wp-json\/wp\/v2\/posts\/14375\/revisions"}],"predecessor-version":[{"id":14376,"href":"https:\/\/blogs.correiobraziliense.com.br\/servidor\/wp-json\/wp\/v2\/posts\/14375\/revisions\/14376"}],"wp:attachment":[{"href":"https:\/\/blogs.correiobraziliense.com.br\/servidor\/wp-json\/wp\/v2\/media?parent=14375"}],"wp:term":[{"taxonomy":"category","embeddable":true,"href":"https:\/\/blogs.correiobraziliense.com.br\/servidor\/wp-json\/wp\/v2\/categories?post=14375"},{"taxonomy":"post_tag","embeddable":true,"href":"https:\/\/blogs.correiobraziliense.com.br\/servidor\/wp-json\/wp\/v2\/tags?post=14375"}],"curies":[{"name":"wp","href":"https:\/\/api.w.org\/{rel}","templated":true}]}}