{"id":14368,"date":"2019-11-06T14:56:17","date_gmt":"2019-11-06T17:56:17","guid":{"rendered":"https:\/\/blogs.correiobraziliense.com.br\/servidor\/?p=14368"},"modified":"2019-11-06T14:56:17","modified_gmt":"2019-11-06T17:56:17","slug":"tst-petroleiros-vinculados-a-fnp-ainda-podem-aderir-a-acordo-coletivo","status":"publish","type":"post","link":"https:\/\/blogs.correiobraziliense.com.br\/servidor\/tst-petroleiros-vinculados-a-fnp-ainda-podem-aderir-a-acordo-coletivo\/","title":{"rendered":"TST &#8211; Petroleiros vinculados \u00e0 FNP ainda podem aderir a acordo coletivo"},"content":{"rendered":"<p><em>Na segunda-feira (4), a Petrobras assinou acordo com a parte da categoria filiada \u00e0 FUP. Mesmo que a FUP entre na Justi\u00e7a pedindo diss\u00eddio coletivo, os termos n\u00e3o mudar\u00e3o. Pela\u00a0jurisprud\u00eancia da Se\u00e7\u00e3o Especializada em Diss\u00eddios Coletivos (SDC), uma poss\u00edvel decis\u00e3o futura ter\u00e1 o mesmo conte\u00fado do acordo assinado com o restante da categoria<\/em><\/p>\n<p>As entidades sindicais vinculadas \u00e0 Federa\u00e7\u00e3o Nacional dos Petroleiros, que ainda n\u00e3o assinaram o acordo coletivo de trabalho com a Petr\u00f3leo Brasileiro S. A. (Petrobras) para as datas-bases de 2019 e 2020, ainda podem aderir. Na segunda-feira (4), ap\u00f3s a assinatura do acordo entre a estatal e a Federa\u00e7\u00e3o \u00danica dos Petroleiros (FUP), o vice-presidente do Tribunal Superior do Trabalho, ministro Renato de Lacerda Paiva, encerrou o procedimento de media\u00e7\u00e3o pr\u00e9-processual, mas prop\u00f4s, caso os sindicatos filiados \u00e0 FNP aceitem os mesmos termos, que a empresa assegure a assinatura do acordo correspondente.<\/p>\n<p><strong>Mesmas condi\u00e7\u00f5es<\/strong><\/p>\n<p>Para o vice-presidente, o objetivo da media\u00e7\u00e3o foi alcan\u00e7ado, por contemplar ao menos a metade da categoria, e n\u00e3o haveria mais possibilidade de modifica\u00e7\u00e3o dos termos pactuados. Assim, caso a FNP n\u00e3o celebre acordo nos mesmos termos, o caminho ser\u00e1 o ajuizamento de diss\u00eddio coletivo de natureza econ\u00f4mica. Na hip\u00f3tese de julgamento, o ministro observa que, conforme a jurisprud\u00eancia da Se\u00e7\u00e3o Especializada em Diss\u00eddios Coletivos (SDC) do TST, a decis\u00e3o teria o mesmo conte\u00fado do acordo assinado com o restante da categoria.<\/p>\n<p><strong>Consequ\u00eancias indesej\u00e1veis<\/strong><\/p>\n<p>O ministro Renato de Lacerda Paiva assinalou que os empregados representados pelas entidades vinculadas \u00e0 FNP, ainda que tenham que aguardar o resultado final de eventual julgamento, tendem a obter as mesmas condi\u00e7\u00f5es alcan\u00e7adas pelas entidades sindicais que firmaram acordo coletivo de trabalho, representadas pela FUP. Lembrou ainda que, com a aceita\u00e7\u00e3o dos termos propostos, a parte da categoria representada pela FNP estaria livre das poss\u00edveis consequ\u00eancias indesej\u00e1veis de um julgamento, como a perda da preexist\u00eancia de cl\u00e1usulas sociais.<\/p>\n<p>&nbsp;<\/p>\n","protected":false},"excerpt":{"rendered":"<p>Na segunda-feira (4), a Petrobras assinou acordo com a parte da categoria filiada \u00e0 FUP. Mesmo que a FUP entre na Justi\u00e7a pedindo diss\u00eddio coletivo, os termos n\u00e3o mudar\u00e3o. Pela\u00a0jurisprud\u00eancia da Se\u00e7\u00e3o Especializada em Diss\u00eddios Coletivos (SDC), uma poss\u00edvel decis\u00e3o futura ter\u00e1 o mesmo conte\u00fado do acordo assinado com o restante da categoria As entidades sindicais vinculadas \u00e0 Federa\u00e7\u00e3o Nacional [&hellip;]<\/p>\n","protected":false},"author":27,"featured_media":0,"comment_status":"open","ping_status":"closed","sticky":false,"template":"","format":"standard","meta":{"footnotes":""},"categories":[2719],"tags":[11487,379,11693,14503,1000,3717,201,6244,5351,503],"class_list":["post-14368","post","type-post","status-publish","format-standard","hentry","category-servidor","tag-acordo-coletivo","tag-categoria","tag-dissidio-coletivo","tag-fnp","tag-fup","tag-jurisprudencia","tag-petrobras","tag-petroleiros","tag-sdc","tag-tst"],"_links":{"self":[{"href":"https:\/\/blogs.correiobraziliense.com.br\/servidor\/wp-json\/wp\/v2\/posts\/14368","targetHints":{"allow":["GET"]}}],"collection":[{"href":"https:\/\/blogs.correiobraziliense.com.br\/servidor\/wp-json\/wp\/v2\/posts"}],"about":[{"href":"https:\/\/blogs.correiobraziliense.com.br\/servidor\/wp-json\/wp\/v2\/types\/post"}],"author":[{"embeddable":true,"href":"https:\/\/blogs.correiobraziliense.com.br\/servidor\/wp-json\/wp\/v2\/users\/27"}],"replies":[{"embeddable":true,"href":"https:\/\/blogs.correiobraziliense.com.br\/servidor\/wp-json\/wp\/v2\/comments?post=14368"}],"version-history":[{"count":1,"href":"https:\/\/blogs.correiobraziliense.com.br\/servidor\/wp-json\/wp\/v2\/posts\/14368\/revisions"}],"predecessor-version":[{"id":14369,"href":"https:\/\/blogs.correiobraziliense.com.br\/servidor\/wp-json\/wp\/v2\/posts\/14368\/revisions\/14369"}],"wp:attachment":[{"href":"https:\/\/blogs.correiobraziliense.com.br\/servidor\/wp-json\/wp\/v2\/media?parent=14368"}],"wp:term":[{"taxonomy":"category","embeddable":true,"href":"https:\/\/blogs.correiobraziliense.com.br\/servidor\/wp-json\/wp\/v2\/categories?post=14368"},{"taxonomy":"post_tag","embeddable":true,"href":"https:\/\/blogs.correiobraziliense.com.br\/servidor\/wp-json\/wp\/v2\/tags?post=14368"}],"curies":[{"name":"wp","href":"https:\/\/api.w.org\/{rel}","templated":true}]}}