{"id":1436,"date":"2016-04-05T17:00:39","date_gmt":"2016-04-05T20:00:39","guid":{"rendered":"https:\/\/blogs.correiobraziliense.com.br\/servidor\/?p=1436"},"modified":"2016-04-05T17:02:38","modified_gmt":"2016-04-05T20:02:38","slug":"anasps-governo-usou-de-ma-fe-cm-11-milhao-de-servidores-do-carreirao","status":"publish","type":"post","link":"https:\/\/blogs.correiobraziliense.com.br\/servidor\/anasps-governo-usou-de-ma-fe-cm-11-milhao-de-servidores-do-carreirao\/","title":{"rendered":"ANASPS &#8211; GOVERNO USOU DE M\u00c1 F\u00c9 COM 1,1 MILH\u00c3O DE SERVIDORES DO &#8220;CARREIR\u00c3O&#8221;"},"content":{"rendered":"<p>O vice-presidente executivo da Associa\u00e7\u00e3o Nacional dos Servidores da Previd\u00eancia e Seguridade Social (Anasps),\u00a0Paulo C\u00e9sar Regis de Souza, afirmou que o governo usou de m\u00e1 f\u00e9\u00a0nas negocia\u00e7\u00f5es salariais com os servidores do chamado \u201ccarreir\u00e3o\u201d, que compreende 1,1 milh\u00e3o de pessoas,\u00a090% delas lotadas do INSS. O Executivo, lembrou,\u00a0apresentou uma proposta de aumento salarial para os pr\u00f3ximos quatro anos de 21,3%, enquanto,\u00a0no apagar das luzes de 2015 fechou acordo com categorias das carreiras de estado em 27,9% para os\u00a0pr\u00f3ximos quatro anos.<\/p>\n<p>\u201cOs n\u00fameros s\u00e3o bem diferentes e n\u00e3o se justifica que haja dois tipos de negocia\u00e7\u00e3o, uma para servidores de\u00a0primeira classe e outra para servidores de segunda classe&#8221;, protestou. \u201cN\u00f3s, do INSS, n\u00e3o quisemos os 21,3% porque\u00a0nos colocaria em situa\u00e7\u00e3o dif\u00edcil. Chegamos a aceitar uma proposta do Minist\u00e9rio do Planejamento de institui\u00e7\u00e3o\u00a0de um gatilho, caso a infla\u00e7\u00e3o fosse superior ao \u00edndice de aumento, mas o Minist\u00e9rio n\u00e3o aceitou\u201d.<\/p>\n<p>Paulo C\u00e9sar relatou que a Confedera\u00e7\u00e3o Nacional dos Trabalhadores na Seguridade Social\u00a0(CNTS\/ANASPS)\u00a0optou por aceitar um amento de 10,8% em dois anos, sendo 5,5% em 2016 e 5,0% em 2017, por considerar temer\u00e1rio\u00a0fechar por quatro anos, nas bases propostas pelo governo, especialmente depois do agravamento da situa\u00e7\u00e3o\u00a0econ\u00f4mico-financeira do pa\u00eds, em setembro de 2015. \u201cNaquela altura n\u00e3o se tinha ideia de que o governo estava\u00a0disposto a conceder 27,9 % para as chamadas carreiras de Estado &#8211; 5,5% em 2016, 6,9% em 2017, 6,65% em \u00a02018 e 6,231% em 2019\u201d.<\/p>\n<p>\u201cA coisa foi decidida, de surpresa, no apagar das luzes de 2015, sendo ostensivo que privilegiou um grupo grande de\u00a0militares e um grupo pequeno de civis, em detrimento da massa dos servidores. Uma situa\u00e7\u00e3o desconfort\u00e1vel para\u00a0todos n\u00f3s&#8221;, afirmou Paulo Cesar. Ele lembrou que h\u00e1 ainda um grupo de servid\u00f5es de carreiras do Estado em compasso de espera, como os\u00a0da Receita Federal, da Pol\u00edcia Federal, Diplomatas, M\u00e9dicos Peritos. Al\u00e9m disso, destacou, houve negocia\u00e7\u00f5es fora da curva com os\u00a0servidores do Judici\u00e1rio.<\/p>\n<p>Paulo C\u00e9sar revelou que a Anasps n\u00e3o est\u00e1 satisfeita com o rumo da negocia\u00e7\u00e3o. \u201cAcredito que muitas lideran\u00e7as\u00a0comeram gato por lebre. Vamos aguardar os reajustes das carreiras remanescentes, que est\u00e3o fora de todos os\u00a0acordos, para verificar o que faremos. Al\u00e9m do mais, queremos saber quando o governo pagar\u00e1 o passivo de janeiro\u00a0a junho deste ano. Temo que venha uma nova tunga nos servidores, como aconteceu nos anos de 2010 e 2012,\u00a0quando n\u00e3o tivemos qualquer aumento\u201d.<\/p>\n<p>\u2018Sabemos que a situa\u00e7\u00e3o econ\u00f4mica e financeira do pa\u00eds \u00e9 delicada, mas n\u00e3o t\u00e3o delicada a ponto de impedir o\u00a0crescimento desmedido das verbas do fundo partid\u00e1rio que passaram de R$ 313,3 milh\u00f5es na proposta\u00a0or\u00e7ament\u00e1ria para R$ 819,1 milh\u00f5es, tr\u00eas vezes mais, al\u00e9m do que o prometido enxugamento da m\u00e1quina ficou no\u00a0papel. N\u00e3o se mexeu na redu\u00e7\u00e3o das fun\u00e7\u00f5es gratificadas e dos cargos em comiss\u00e3o, n\u00e3o se reduziram os\u00a0terceirizados e os tempor\u00e1rios, ao inv\u00e9s de se zerar, foram aumentados. S\u00f3 no Minist\u00e9rio da Sa\u00fade, entraram mais\u00a02.493 tempor\u00e1rios no Rio de Janeiro.\u00a0O governo tem o dever de lealdade com os seus servidores\u201d, enfatizou.<\/p>\n","protected":false},"excerpt":{"rendered":"<p>O vice-presidente executivo da Associa\u00e7\u00e3o Nacional dos Servidores da Previd\u00eancia e Seguridade Social (Anasps),\u00a0Paulo C\u00e9sar Regis de Souza, afirmou que o governo usou de m\u00e1 f\u00e9\u00a0nas negocia\u00e7\u00f5es salariais com os servidores do chamado \u201ccarreir\u00e3o\u201d, que compreende 1,1 milh\u00e3o de pessoas,\u00a090% delas lotadas do INSS. O Executivo, lembrou,\u00a0apresentou uma proposta de aumento salarial para os pr\u00f3ximos quatro anos de 21,3%, enquanto,\u00a0no [&hellip;]<\/p>\n","protected":false},"author":27,"featured_media":0,"comment_status":"open","ping_status":"closed","sticky":false,"template":"","format":"standard","meta":{"footnotes":""},"categories":[1],"tags":[337,1615,1614,98,1613,1616,63,18,58],"class_list":["post-1436","post","type-post","status-publish","format-standard","hentry","category-sem-categoria","tag-anasps","tag-carreirao","tag-fe","tag-governo","tag-ma","tag-menor","tag-reajuste","tag-salarial","tag-servidores"],"_links":{"self":[{"href":"https:\/\/blogs.correiobraziliense.com.br\/servidor\/wp-json\/wp\/v2\/posts\/1436","targetHints":{"allow":["GET"]}}],"collection":[{"href":"https:\/\/blogs.correiobraziliense.com.br\/servidor\/wp-json\/wp\/v2\/posts"}],"about":[{"href":"https:\/\/blogs.correiobraziliense.com.br\/servidor\/wp-json\/wp\/v2\/types\/post"}],"author":[{"embeddable":true,"href":"https:\/\/blogs.correiobraziliense.com.br\/servidor\/wp-json\/wp\/v2\/users\/27"}],"replies":[{"embeddable":true,"href":"https:\/\/blogs.correiobraziliense.com.br\/servidor\/wp-json\/wp\/v2\/comments?post=1436"}],"version-history":[{"count":2,"href":"https:\/\/blogs.correiobraziliense.com.br\/servidor\/wp-json\/wp\/v2\/posts\/1436\/revisions"}],"predecessor-version":[{"id":1438,"href":"https:\/\/blogs.correiobraziliense.com.br\/servidor\/wp-json\/wp\/v2\/posts\/1436\/revisions\/1438"}],"wp:attachment":[{"href":"https:\/\/blogs.correiobraziliense.com.br\/servidor\/wp-json\/wp\/v2\/media?parent=1436"}],"wp:term":[{"taxonomy":"category","embeddable":true,"href":"https:\/\/blogs.correiobraziliense.com.br\/servidor\/wp-json\/wp\/v2\/categories?post=1436"},{"taxonomy":"post_tag","embeddable":true,"href":"https:\/\/blogs.correiobraziliense.com.br\/servidor\/wp-json\/wp\/v2\/tags?post=1436"}],"curies":[{"name":"wp","href":"https:\/\/api.w.org\/{rel}","templated":true}]}}