{"id":14348,"date":"2019-11-05T17:18:40","date_gmt":"2019-11-05T20:18:40","guid":{"rendered":"https:\/\/blogs.correiobraziliense.com.br\/servidor\/?p=14348"},"modified":"2019-11-05T17:18:40","modified_gmt":"2019-11-05T20:18:40","slug":"assistencia-social-faz-paralisacao-em-protesto-contra-atrasos","status":"publish","type":"post","link":"https:\/\/blogs.correiobraziliense.com.br\/servidor\/assistencia-social-faz-paralisacao-em-protesto-contra-atrasos\/","title":{"rendered":"Assist\u00eancia social faz paralisa\u00e7\u00e3o em protesto contra atrasos"},"content":{"rendered":"<p><em>Benef\u00edcios sociais pagos \u00e0 popula\u00e7\u00e3o t\u00eam demorado at\u00e9 tr\u00eas meses para ser entregues, o que agrava as condi\u00e7\u00f5es de trabalho dos servidores. Parcela do reajuste est\u00e1 atrasado h\u00e1 49 meses. \u00cdndices de adoecimento dos trabalhadores da categoria atinge 28% dos servidores<\/em><\/p>\n<p>Nesta quarta-feira (6 de novembro), os servidores da assist\u00eancia social do Distrito Federal fazem paralisa\u00e7\u00e3o de 24 horas e assembleia sindical e popular, a partir das 9 horas, na Pra\u00e7a do Buriti. O movimento \u00e9 convocado pelo Sindsasc (Sindicato dos Servidores da Assist\u00eancia Social e Cultural do GDF), em protesto aos atrasos em benef\u00edcios, ao d\u00e9ficit de servidores, m\u00e1s condi\u00e7\u00f5es de trabalho e ao n\u00e3o pagamento da parcela do reajuste salarial dos servidores atrasado h\u00e1 49 meses. Para o presidente do Sindsasc, Clayton Avelar, a assembleia \u00e9 crucial. \u201cVivemos um momento de calamidade da assist\u00eancia social do DF. Estamos com defasagem de 80% do quantitativo de servidores da \u00e1rea\u201d, justifica.<\/p>\n<p>A entidade protesta contra os atrasos constantes no pagamento de benef\u00edcios \u00e0 popula\u00e7\u00e3o assistida pela assist\u00eancia social e pontua que as condi\u00e7\u00f5es de trabalho s\u00e3o agravadas porque os usu\u00e1rios se irritam e acabam descontando nos servidores. Fatores de estresse como esses elevam os \u00edndices de adoecimento dos trabalhadores da categoria, que chega a atingir 28% dos servidores, segundo o sindicato.<\/p>\n<p>At\u00e9 o m\u00eas de agosto, mais de sete mil fam\u00edlias estavam com os benef\u00edcios sociais atrasados no DF. Os benef\u00edcios eventuais s\u00e3o essenciais tanto para a sobreviv\u00eancia dessa popula\u00e7\u00e3o, quanto para o acompanhamento das fam\u00edlias feito pelos servidores nas unidades da assist\u00eancia social. Um deles \u00e9 o Benef\u00edcio Excepcional, que est\u00e1 com mais de tr\u00eas meses de atraso. Ele \u00e9 destinado a pessoas em situa\u00e7\u00e3o de desabrigo tempor\u00e1rio, que afeta mais de 800 fam\u00edlias.<\/p>\n<p>A paralisa\u00e7\u00e3o tem o objetivo de pressionar o GDF (Governo do Distrito Federal) para que os benef\u00edcios sociais sejam pagos \u00e0 popula\u00e7\u00e3o em, no m\u00e1ximo, 30 dias, e para que as cestas b\u00e1sicas emergenciais sejam entregues em, no m\u00e1ximo, cinco dias.<\/p>\n<p><strong>Di\u00e1logo deficiente<\/strong><br \/>\nNo \u00faltimo m\u00eas, o governador do DF, Ibaneis Rocha, afirmou que pretende promover di\u00e1logo com os sindicatos de servidores do GDF s\u00f3 em mar\u00e7o de 2020. Diante dessa declara\u00e7\u00e3o, o Sindsasc avalia que o prazo \u00e9 preocupante. \u201c O di\u00e1logo com os sindicatos nunca foi feito de forma objetiva. N\u00e3o vamos nem podemos esperar at\u00e9 mar\u00e7o. A entidade continua mobilizada porque tem reivindica\u00e7\u00f5es urgentes, tanto para os servidores quanto para a popula\u00e7\u00e3o que atendemos\u201d, afirma Clayton.<\/p>\n","protected":false},"excerpt":{"rendered":"<p>Benef\u00edcios sociais pagos \u00e0 popula\u00e7\u00e3o t\u00eam demorado at\u00e9 tr\u00eas meses para ser entregues, o que agrava as condi\u00e7\u00f5es de trabalho dos servidores. Parcela do reajuste est\u00e1 atrasado h\u00e1 49 meses. \u00cdndices de adoecimento dos trabalhadores da categoria atinge 28% dos servidores Nesta quarta-feira (6 de novembro), os servidores da assist\u00eancia social do Distrito Federal fazem paralisa\u00e7\u00e3o de 24 horas e [&hellip;]<\/p>\n","protected":false},"author":27,"featured_media":0,"comment_status":"open","ping_status":"closed","sticky":false,"template":"","format":"standard","meta":{"footnotes":""},"categories":[2719],"tags":[8091,2108,2738,852,77,9031,2692,506,545,718,63,18,58,11776,19,864],"class_list":["post-14348","post","type-post","status-publish","format-standard","hentry","category-servidor","tag-adoecimento","tag-assistencia-social","tag-atrasos","tag-beneficios","tag-defasagem","tag-estresse","tag-gdf","tag-paralisacao","tag-populacao","tag-protesto","tag-reajuste","tag-salarial","tag-servidores","tag-sindsasc","tag-trabalhadores","tag-usuarios"],"_links":{"self":[{"href":"https:\/\/blogs.correiobraziliense.com.br\/servidor\/wp-json\/wp\/v2\/posts\/14348","targetHints":{"allow":["GET"]}}],"collection":[{"href":"https:\/\/blogs.correiobraziliense.com.br\/servidor\/wp-json\/wp\/v2\/posts"}],"about":[{"href":"https:\/\/blogs.correiobraziliense.com.br\/servidor\/wp-json\/wp\/v2\/types\/post"}],"author":[{"embeddable":true,"href":"https:\/\/blogs.correiobraziliense.com.br\/servidor\/wp-json\/wp\/v2\/users\/27"}],"replies":[{"embeddable":true,"href":"https:\/\/blogs.correiobraziliense.com.br\/servidor\/wp-json\/wp\/v2\/comments?post=14348"}],"version-history":[{"count":1,"href":"https:\/\/blogs.correiobraziliense.com.br\/servidor\/wp-json\/wp\/v2\/posts\/14348\/revisions"}],"predecessor-version":[{"id":14349,"href":"https:\/\/blogs.correiobraziliense.com.br\/servidor\/wp-json\/wp\/v2\/posts\/14348\/revisions\/14349"}],"wp:attachment":[{"href":"https:\/\/blogs.correiobraziliense.com.br\/servidor\/wp-json\/wp\/v2\/media?parent=14348"}],"wp:term":[{"taxonomy":"category","embeddable":true,"href":"https:\/\/blogs.correiobraziliense.com.br\/servidor\/wp-json\/wp\/v2\/categories?post=14348"},{"taxonomy":"post_tag","embeddable":true,"href":"https:\/\/blogs.correiobraziliense.com.br\/servidor\/wp-json\/wp\/v2\/tags?post=14348"}],"curies":[{"name":"wp","href":"https:\/\/api.w.org\/{rel}","templated":true}]}}