{"id":14341,"date":"2019-11-05T11:31:18","date_gmt":"2019-11-05T14:31:18","guid":{"rendered":"https:\/\/blogs.correiobraziliense.com.br\/servidor\/?p=14341"},"modified":"2019-11-05T11:31:18","modified_gmt":"2019-11-05T14:31:18","slug":"sindicatos-entram-com-acao-popular-contra-megaleilao-do-pre-sal-marcado-para-quarta","status":"publish","type":"post","link":"https:\/\/blogs.correiobraziliense.com.br\/servidor\/sindicatos-entram-com-acao-popular-contra-megaleilao-do-pre-sal-marcado-para-quarta\/","title":{"rendered":"Sindicatos entram com a\u00e7\u00e3o popular contra Megaleil\u00e3o do Pr\u00e9-Sal marcado para quarta"},"content":{"rendered":"<p><em>A a\u00e7\u00e3o popular n\u00ba 1035091-90.2019.4.01.3400 pede a suspens\u00e3o do Megaleil\u00e3o e Rodada de Licita\u00e7\u00e3o do Excedente da Cess\u00e3o Onerosa sobre o Pr\u00e9-Sal, que ser\u00e1 do na quarta (06). O documento sustenta que\u00a0Uni\u00e3o, Ibama e Ag\u00eancia Nacional de Petr\u00f3leo (ANP) n\u00e3o poderiam fazer o Megaleil\u00e3o sem um plano ambiental pr\u00e9vio e espec\u00edfico, baseado em Estudos Multidisciplinares de Avalia\u00e7\u00f5es Ambientais de Bacias Sedimentares (AAAS) para a \u00e1rea leiloada<\/em><\/p>\n<p>Proposta pelos Sindipetros e FUP (Federa\u00e7\u00e3o \u00danica dos Petroleiros) foi distribu\u00edda para a 21\u00aa Vara Federal da Se\u00e7\u00e3o Judici\u00e1ria do Distrito Federal. De acordo com os advogados do escrit\u00f3rio Arag\u00e3o e Ferraro, que representa os sindicatos, a a\u00e7\u00e3o denuncia que Uni\u00e3o, Ibama e Ag\u00eancia Nacional de Petr\u00f3leo (ANP) n\u00e3o poderiam realizar o Megaleil\u00e3o sem um plano ambiental pr\u00e9vio e espec\u00edfico, baseado em Estudos Multidisciplinares de Avalia\u00e7\u00f5es Ambientais de Bacias Sedimentares (AAAS) para a \u00e1rea leiloada.<\/p>\n<p>Para os dirigentes sindicais a biodiversidade e os biomas espec\u00edficos atingidos pela \u00e1rea do Megaleil\u00e3o tem sofrido com o \u00f3leo derramado no litoral nordestino brasileiro. Por esta raz\u00e3o, \u201cal\u00e9m de um mapeamento de todas as bacias e do impacto e sensibilidade do produto em contato com os ecossistemas, \u00e9 preciso uma urgente resolu\u00e7\u00e3o sobre o acidente ecol\u00f3gico, pois investidores podem oferecer pre\u00e7os menores, gerando risco de preju\u00edzo evidente aos cofres p\u00fablicos\u201d.<\/p>\n<p>A A\u00e7\u00e3o Popular sustenta que, \u201ccom base no princ\u00edpio da precau\u00e7\u00e3o e preven\u00e7\u00e3o, a fim de assegurar um meio ambiente ecologicamente equilibrado \u00e0 na\u00e7\u00e3o como disp\u00f5e o art. 225 da Constitui\u00e7\u00e3o Federal, FUP e Sindipetros buscam que seja determinada integralmente a suspens\u00e3o da Rodada de Licita\u00e7\u00f5es do Excedente da Cess\u00e3o Onerosa sobre o Pr\u00e9-Sal promovida pela ANP ou todos os efeitos de seus atos e procedimentos, no tocante \u00e0s \u00e1reas de Atapu, B\u00fazios, Itapu e S\u00e9pia, na Bacia de Santos. Requer, ainda, enquanto n\u00e3o avaliado o m\u00e9rito da demanda, que tais \u00e1reas n\u00e3o sejam disponibilizadas em futuras Rodadas, salvo ap\u00f3s a realiza\u00e7\u00e3o da Avalia\u00e7\u00e3o Ambiental de \u00c1reas Sedimentares \u2013 AAAS (na forma da Portaria Interministerial n\u00ba 198\/2012) e, notadamente, at\u00e9 que se finalize a investiga\u00e7\u00e3o de autoria e extens\u00e3o do dano acerca do fato incontroverso do derramamento de \u00f3leo na costa litor\u00e2nea brasileira com a confirma\u00e7\u00e3o do envolvimento ou n\u00e3o do dano ambiental na Bacia de Santos onde se localizam as \u00e1reas objeto da Rodada de Licita\u00e7\u00e3o\u201d.<\/p>\n","protected":false},"excerpt":{"rendered":"<p>A a\u00e7\u00e3o popular n\u00ba 1035091-90.2019.4.01.3400 pede a suspens\u00e3o do Megaleil\u00e3o e Rodada de Licita\u00e7\u00e3o do Excedente da Cess\u00e3o Onerosa sobre o Pr\u00e9-Sal, que ser\u00e1 do na quarta (06). O documento sustenta que\u00a0Uni\u00e3o, Ibama e Ag\u00eancia Nacional de Petr\u00f3leo (ANP) n\u00e3o poderiam fazer o Megaleil\u00e3o sem um plano ambiental pr\u00e9vio e espec\u00edfico, baseado em Estudos Multidisciplinares de Avalia\u00e7\u00f5es Ambientais de Bacias [&hellip;]<\/p>\n","protected":false},"author":27,"featured_media":0,"comment_status":"open","ping_status":"closed","sticky":false,"template":"","format":"standard","meta":{"footnotes":""},"categories":[2719],"tags":[16374,10814,3706,7015,16373,16371,1086,16370,1000,3704,16369,16372,10838,3801],"class_list":["post-14341","post","type-post","status-publish","format-standard","hentry","category-servidor","tag-aaas","tag-acao-popular","tag-anp","tag-avaliacoes","tag-bacias-sedimentares","tag-cessao-onerosa","tag-estudos","tag-excedente","tag-fup","tag-licitacao","tag-megaleilao-do-pre-sal","tag-plano-ambiental","tag-rodada","tag-sindicatos"],"_links":{"self":[{"href":"https:\/\/blogs.correiobraziliense.com.br\/servidor\/wp-json\/wp\/v2\/posts\/14341","targetHints":{"allow":["GET"]}}],"collection":[{"href":"https:\/\/blogs.correiobraziliense.com.br\/servidor\/wp-json\/wp\/v2\/posts"}],"about":[{"href":"https:\/\/blogs.correiobraziliense.com.br\/servidor\/wp-json\/wp\/v2\/types\/post"}],"author":[{"embeddable":true,"href":"https:\/\/blogs.correiobraziliense.com.br\/servidor\/wp-json\/wp\/v2\/users\/27"}],"replies":[{"embeddable":true,"href":"https:\/\/blogs.correiobraziliense.com.br\/servidor\/wp-json\/wp\/v2\/comments?post=14341"}],"version-history":[{"count":1,"href":"https:\/\/blogs.correiobraziliense.com.br\/servidor\/wp-json\/wp\/v2\/posts\/14341\/revisions"}],"predecessor-version":[{"id":14342,"href":"https:\/\/blogs.correiobraziliense.com.br\/servidor\/wp-json\/wp\/v2\/posts\/14341\/revisions\/14342"}],"wp:attachment":[{"href":"https:\/\/blogs.correiobraziliense.com.br\/servidor\/wp-json\/wp\/v2\/media?parent=14341"}],"wp:term":[{"taxonomy":"category","embeddable":true,"href":"https:\/\/blogs.correiobraziliense.com.br\/servidor\/wp-json\/wp\/v2\/categories?post=14341"},{"taxonomy":"post_tag","embeddable":true,"href":"https:\/\/blogs.correiobraziliense.com.br\/servidor\/wp-json\/wp\/v2\/tags?post=14341"}],"curies":[{"name":"wp","href":"https:\/\/api.w.org\/{rel}","templated":true}]}}