{"id":14335,"date":"2019-11-03T10:04:22","date_gmt":"2019-11-03T13:04:22","guid":{"rendered":"https:\/\/blogs.correiobraziliense.com.br\/servidor\/?p=14335"},"modified":"2019-11-03T10:04:22","modified_gmt":"2019-11-03T13:04:22","slug":"ascema-nacional-repudia-ameaca-do-presidente-da-republica-e-anuncia-providencias","status":"publish","type":"post","link":"https:\/\/blogs.correiobraziliense.com.br\/servidor\/ascema-nacional-repudia-ameaca-do-presidente-da-republica-e-anuncia-providencias\/","title":{"rendered":"Ascema Nacional repudia amea\u00e7a do Presidente da Rep\u00fablica e anuncia provid\u00eancias"},"content":{"rendered":"<p><em>Em nota, a Ascema sai em defesa dos servidores da \u00e1rea ambiental e condena das declara\u00e7\u00f5es de Jair Bolsonaro sobre a lembran\u00e7a aos tempos de tortura da ditadura militar. &#8220;A \u201cponta da praia\u201d era o \u201capelido\u201d usado pelos militares para se referir \u00e0 Base da Marinha do Brasil\u00a0na Restinga de Marambaia\/RJ, para onde eram encaminhados opositores do regime marcados para\u00a0morrer. Era um centro de tortura de onde dificilmente se sa\u00eda vivo.&#8221;, explica<\/em><\/p>\n<p>Veja a nota:<\/p>\n<p>&#8220;A Associa\u00e7\u00e3o dos Servidores Ambientais Federais (Ascema Nacional) adotar\u00e1 medidas cab\u00edveis\u00a0acerca da amea\u00e7a do Presidente da Rep\u00fablica contra os servidores, tanto no Brasil, como nos f\u00f3runs\u00a0internacionais de Direitos Humanos.<\/p>\n<p>Na \u00faltima sexta-feira (1), o presidente Jair Bolsonaro agravou a press\u00e3o que os servidores p\u00fablicos\u00a0da \u00e1rea ambiental v\u00eam sofrendo. Sobre a dificuldade do dono da Havan, Luciano Hang, conseguir\u00a0uma licen\u00e7a ambiental para constru\u00e7\u00e3o de uma loja da rede em Rio Grande (RS), na vis\u00e3o presidencial, os servidores atrapalham o progresso do pa\u00eds, segundo v\u00eddeo postado em suas redes sociais:<\/p>\n<p>\u201cEu tenho ascend\u00eancia, porque os diretores, o presidente t\u00eam mandato, porque se n\u00e3o tivessem, eu\u00a0cortava a cabe\u00e7a mesmo. Quem quer atrapalhar o progresso vai atrapalhar na ponta da praia,\u00a0aqui n\u00e3o.\u201d<\/p>\n<p>A \u201cponta da praia\u201d era o \u201capelido\u201d usado pelos militares para se referir \u00e0 Base da Marinha do Brasil\u00a0na Restinga de Marambaia\/RJ, para onde eram encaminhados opositores do regime marcados para\u00a0morrer. Era um centro de tortura de onde dificilmente se sa\u00eda vivo.<\/p>\n<p>Muitos dos \u201cdesaparecidos\u201d da\u00a0ditadura militar passaram por aquelas instala\u00e7\u00f5es. O presidente da rep\u00fablica, nos obriga, com suas\u00a0declara\u00e7\u00f5es, a rememorar o que foi aquele per\u00edodo obscuro do Pa\u00eds, do qual ele e seus filhos t\u00eam\u00a0tanta saudade.<\/p>\n<p>Amea\u00e7as \u00e0s institui\u00e7\u00f5es como STF, \u00e0 imprensa, aos servidores p\u00fablicos, \u00e0s\u00a0popula\u00e7\u00f5es tradicionais e a inoper\u00e2ncia no enfrentamento de crimes ambientais n\u00e3o podem ser a\u00a0t\u00f4nica de um governo que se pretenda democr\u00e1tico.<\/p>\n<p>Diante da gravidade das declara\u00e7\u00f5es, a Ascema Nacional decidiu adotar todas as medidas cab\u00edveis\u00a0para coibir este tipo de atitude para proteger a integridade f\u00edsica dos servidores e a dignidade humana.<\/p>\n<p>Bras\u00edlia, 2 de novembro de 2019<br \/>\nDiretoria Executiva&#8221;<\/p>\n","protected":false},"excerpt":{"rendered":"<p>Em nota, a Ascema sai em defesa dos servidores da \u00e1rea ambiental e condena das declara\u00e7\u00f5es de Jair Bolsonaro sobre a lembran\u00e7a aos tempos de tortura da ditadura militar. &#8220;A \u201cponta da praia\u201d era o \u201capelido\u201d usado pelos militares para se referir \u00e0 Base da Marinha do Brasil\u00a0na Restinga de Marambaia\/RJ, para onde eram encaminhados opositores do regime marcados para\u00a0morrer. [&hellip;]<\/p>\n","protected":false},"author":27,"featured_media":0,"comment_status":"open","ping_status":"closed","sticky":false,"template":"","format":"standard","meta":{"footnotes":""},"categories":[2719],"tags":[15658,15001,1039,5277,4623,10324,5166,5310,16367,58,12649],"class_list":["post-14335","post","type-post","status-publish","format-standard","hentry","category-servidor","tag-area-ambiental","tag-ascema-nacional","tag-ditadura","tag-marinha","tag-militar","tag-opositores","tag-presidente-da-republica","tag-providencias","tag-restinga-de-marambaia","tag-servidores","tag-tortura"],"_links":{"self":[{"href":"https:\/\/blogs.correiobraziliense.com.br\/servidor\/wp-json\/wp\/v2\/posts\/14335","targetHints":{"allow":["GET"]}}],"collection":[{"href":"https:\/\/blogs.correiobraziliense.com.br\/servidor\/wp-json\/wp\/v2\/posts"}],"about":[{"href":"https:\/\/blogs.correiobraziliense.com.br\/servidor\/wp-json\/wp\/v2\/types\/post"}],"author":[{"embeddable":true,"href":"https:\/\/blogs.correiobraziliense.com.br\/servidor\/wp-json\/wp\/v2\/users\/27"}],"replies":[{"embeddable":true,"href":"https:\/\/blogs.correiobraziliense.com.br\/servidor\/wp-json\/wp\/v2\/comments?post=14335"}],"version-history":[{"count":1,"href":"https:\/\/blogs.correiobraziliense.com.br\/servidor\/wp-json\/wp\/v2\/posts\/14335\/revisions"}],"predecessor-version":[{"id":14336,"href":"https:\/\/blogs.correiobraziliense.com.br\/servidor\/wp-json\/wp\/v2\/posts\/14335\/revisions\/14336"}],"wp:attachment":[{"href":"https:\/\/blogs.correiobraziliense.com.br\/servidor\/wp-json\/wp\/v2\/media?parent=14335"}],"wp:term":[{"taxonomy":"category","embeddable":true,"href":"https:\/\/blogs.correiobraziliense.com.br\/servidor\/wp-json\/wp\/v2\/categories?post=14335"},{"taxonomy":"post_tag","embeddable":true,"href":"https:\/\/blogs.correiobraziliense.com.br\/servidor\/wp-json\/wp\/v2\/tags?post=14335"}],"curies":[{"name":"wp","href":"https:\/\/api.w.org\/{rel}","templated":true}]}}