{"id":1433,"date":"2016-04-04T12:34:38","date_gmt":"2016-04-04T15:34:38","guid":{"rendered":"https:\/\/blogs.correiobraziliense.com.br\/servidor\/?p=1433"},"modified":"2016-04-04T12:34:38","modified_gmt":"2016-04-04T15:34:38","slug":"embraer-recebe-grau-de-investimento-da-fitch-ratings","status":"publish","type":"post","link":"https:\/\/blogs.correiobraziliense.com.br\/servidor\/embraer-recebe-grau-de-investimento-da-fitch-ratings\/","title":{"rendered":"EMBRAER RECEBE GRAU DE INVESTIMENTO DA FITCH RATINGS"},"content":{"rendered":"<p>A ag\u00eancia de classifica\u00e7\u00e3o de risco Fitch Ratings deu in\u00edcio hoje \u00e0 cobertura de risco da Embraer, atribuindo classifica\u00e7\u00e3o \u201cBBB-\u201d tanto internacionalmente quanto em moeda local, o que corresponde a grau de investimento (investment grade) na escala da ag\u00eancia.<\/p>\n<p>A mesma nota (\u201cBBB-\u201d) se aplica aos t\u00edtulos emitidos no exterior. A Fitch atribuiu ainda uma nota nacional de longo prazo de AAA(bra) para a Embraer. A perspectiva da empresa para essas classifica\u00e7\u00f5es \u00e9 est\u00e1vel. A Fitch considera que os ratings da Embraer podem estar, pelo menos, um n\u00edvel acima do teto pa\u00eds do Brasil.<\/p>\n<p>Em seu relat\u00f3rio, a Fitch destaca a posi\u00e7\u00e3o competitiva da Embraer nos mercados de avia\u00e7\u00e3o comercial e executiva, a ampla carteira de pedidos firmes (US$ 22,5 bilh\u00f5es), cobrindo diversos anos de vendas, a rentabilidade consistente, a exist\u00eancia de diversos programas promissores na \u00e1rea de Defesa, e o ambiente favor\u00e1vel na ind\u00fastria global de avia\u00e7\u00e3o comercial. O s\u00f3lido perfil de liquidez da Embraer, com receitas predominantemente fora Brasil, e suas s\u00f3lidas receitas de exporta\u00e7\u00e3o combinadas com receitas originadas de opera\u00e7\u00f5es fora do Pa\u00eds tamb\u00e9m d\u00e3o suporte \u00e0s notas atribu\u00eddas pela Fitch.<\/p>\n<p><b>Sobre a Embraer<\/b><\/p>\n<p>Empresa global com sede no Brasil, a Embraer atua nos segmentos de Avia\u00e7\u00e3o Comercial, Avia\u00e7\u00e3o Executiva, Defesa &amp; Seguran\u00e7a e Avia\u00e7\u00e3o Agr\u00edcola. A empresa projeta, desenvolve, fabrica e comercializa aeronaves e sistemas, al\u00e9m de fornecer suporte e servi\u00e7os de p\u00f3s-venda.<\/p>\n<p>Desde que foi fundada, em 1969, a Embraer j\u00e1 entregou mais de 8 mil aeronaves. Em m\u00e9dia, a cada 10 segundos uma aeronave fabricada pela Embraer decola de algum lugar do mundo, transportando anualmente mais de 145 milh\u00f5es de passageiros.<\/p>\n<p>A Embraer \u00e9 l\u00edder na fabrica\u00e7\u00e3o de jatos comerciais de at\u00e9 130 assentos e a principal exportadora de bens de alto valor agregado do Brasil. A empresa mant\u00e9m unidades industriais, escrit\u00f3rios, centros de servi\u00e7o e de distribui\u00e7\u00e3o de pe\u00e7as, entre outras atividades, nas Am\u00e9ricas, \u00c1frica, \u00c1sia e Europa.<\/p>\n","protected":false},"excerpt":{"rendered":"<p>A ag\u00eancia de classifica\u00e7\u00e3o de risco Fitch Ratings deu in\u00edcio hoje \u00e0 cobertura de risco da Embraer, atribuindo classifica\u00e7\u00e3o \u201cBBB-\u201d tanto internacionalmente quanto em moeda local, o que corresponde a grau de investimento (investment grade) na escala da ag\u00eancia. A mesma nota (\u201cBBB-\u201d) se aplica aos t\u00edtulos emitidos no exterior. A Fitch atribuiu ainda uma nota nacional de longo prazo [&hellip;]<\/p>\n","protected":false},"author":27,"featured_media":0,"comment_status":"open","ping_status":"closed","sticky":false,"template":"","format":"standard","meta":{"footnotes":""},"categories":[1],"tags":[715,1612,1611,195,109,1606,1071,1610,1609,837,1607,1608],"class_list":["post-1433","post","type-post","status-publish","format-standard","hentry","category-sem-categoria","tag-aviacao","tag-comercial","tag-competitiva","tag-embraer","tag-executiva","tag-grau-de-investimento","tag-internacional","tag-local","tag-moeda","tag-posicao","tag-ritch-ratings","tag-titulos"],"_links":{"self":[{"href":"https:\/\/blogs.correiobraziliense.com.br\/servidor\/wp-json\/wp\/v2\/posts\/1433","targetHints":{"allow":["GET"]}}],"collection":[{"href":"https:\/\/blogs.correiobraziliense.com.br\/servidor\/wp-json\/wp\/v2\/posts"}],"about":[{"href":"https:\/\/blogs.correiobraziliense.com.br\/servidor\/wp-json\/wp\/v2\/types\/post"}],"author":[{"embeddable":true,"href":"https:\/\/blogs.correiobraziliense.com.br\/servidor\/wp-json\/wp\/v2\/users\/27"}],"replies":[{"embeddable":true,"href":"https:\/\/blogs.correiobraziliense.com.br\/servidor\/wp-json\/wp\/v2\/comments?post=1433"}],"version-history":[{"count":1,"href":"https:\/\/blogs.correiobraziliense.com.br\/servidor\/wp-json\/wp\/v2\/posts\/1433\/revisions"}],"predecessor-version":[{"id":1434,"href":"https:\/\/blogs.correiobraziliense.com.br\/servidor\/wp-json\/wp\/v2\/posts\/1433\/revisions\/1434"}],"wp:attachment":[{"href":"https:\/\/blogs.correiobraziliense.com.br\/servidor\/wp-json\/wp\/v2\/media?parent=1433"}],"wp:term":[{"taxonomy":"category","embeddable":true,"href":"https:\/\/blogs.correiobraziliense.com.br\/servidor\/wp-json\/wp\/v2\/categories?post=1433"},{"taxonomy":"post_tag","embeddable":true,"href":"https:\/\/blogs.correiobraziliense.com.br\/servidor\/wp-json\/wp\/v2\/tags?post=1433"}],"curies":[{"name":"wp","href":"https:\/\/api.w.org\/{rel}","templated":true}]}}