{"id":14321,"date":"2019-11-01T17:00:43","date_gmt":"2019-11-01T20:00:43","guid":{"rendered":"https:\/\/blogs.correiobraziliense.com.br\/servidor\/?p=14321"},"modified":"2019-11-01T17:00:43","modified_gmt":"2019-11-01T20:00:43","slug":"amb-repudia-toda-e-qualquer-manifestacao-que-atente-contra-o-estado-democratico-de-direito","status":"publish","type":"post","link":"https:\/\/blogs.correiobraziliense.com.br\/servidor\/amb-repudia-toda-e-qualquer-manifestacao-que-atente-contra-o-estado-democratico-de-direito\/","title":{"rendered":"AMB repudia toda e qualquer manifesta\u00e7\u00e3o que atente contra o Estado Democr\u00e1tico de Direito"},"content":{"rendered":"<p><em>&#8220;A democracia brasileira foi conquistada a duras penas e quem se prop\u00f5e a representar o povo Brasileiro tem compromisso inafast\u00e1vel com a Constitui\u00e7\u00e3o da Rep\u00fablica e por consequ\u00eancia, com a democracia&#8221;, ressalta a Associa\u00e7\u00e3o dos Magistrados Brasileiros (AMB)<\/em><\/p>\n<p>Veja a nota:<br \/>\n&#8220;Diante das recentes declara\u00e7\u00f5es do deputado Eduardo Bolsonaro (PSL-SP), a respeito da eventual necessidade de um novo AI 5, a Associa\u00e7\u00e3o dos Magistrados Brasileiros (AMB) vem a p\u00fablico, mais uma vez, repudiar toda e qualquer manifesta\u00e7\u00e3o que atente contra o Estado Democr\u00e1tico de Direito.<\/p>\n<p>A democracia brasileira foi conquistada a duras penas e quem se prop\u00f5e a representar o povo Brasileiro tem compromisso inafast\u00e1vel com a Constitui\u00e7\u00e3o da Rep\u00fablica e por consequ\u00eancia, com a democracia.<\/p>\n<p>O Poder Judici\u00e1rio brasileiro, guardi\u00e3o da Constitui\u00e7\u00e3o, \u00e9 o garantidor da democracia, nunca esquecendo que os Atos Institucionais foram os respons\u00e1veis pela supress\u00e3o das garantias da Magistratura, da independ\u00eancia entre os poderes, al\u00e9m da supress\u00e3o das garantias individuais.<\/p>\n<p>A AMB repudia tais declara\u00e7\u00f5es e renova a confian\u00e7a nas institui\u00e7\u00f5es e na democracia brasileira e ainda subscreve as declara\u00e7\u00f5es do presidente da C\u00e2mara Federal, na defesa da Constitui\u00e7\u00e3o.<\/p>\n<p>Bras\u00edlia, 1\u00ba de novembro de 2019.<\/p>\n<p>Jayme de Oliveira<\/p>\n<p>Presidente da AMB&#8221;<\/p>\n","protected":false},"excerpt":{"rendered":"<p>&#8220;A democracia brasileira foi conquistada a duras penas e quem se prop\u00f5e a representar o povo Brasileiro tem compromisso inafast\u00e1vel com a Constitui\u00e7\u00e3o da Rep\u00fablica e por consequ\u00eancia, com a democracia&#8221;, ressalta a Associa\u00e7\u00e3o dos Magistrados Brasileiros (AMB) Veja a nota: &#8220;Diante das recentes declara\u00e7\u00f5es do deputado Eduardo Bolsonaro (PSL-SP), a respeito da eventual necessidade de um novo AI 5, [&hellip;]<\/p>\n","protected":false},"author":27,"featured_media":0,"comment_status":"open","ping_status":"closed","sticky":false,"template":"","format":"standard","meta":{"footnotes":""},"categories":[2719],"tags":[11568,1409,16366,14587,1151],"class_list":["post-14321","post","type-post","status-publish","format-standard","hentry","category-servidor","tag-ai-5","tag-amb","tag-eduardo-bolsonaro","tag-estado-democratico-de-direito","tag-manifestacao"],"_links":{"self":[{"href":"https:\/\/blogs.correiobraziliense.com.br\/servidor\/wp-json\/wp\/v2\/posts\/14321","targetHints":{"allow":["GET"]}}],"collection":[{"href":"https:\/\/blogs.correiobraziliense.com.br\/servidor\/wp-json\/wp\/v2\/posts"}],"about":[{"href":"https:\/\/blogs.correiobraziliense.com.br\/servidor\/wp-json\/wp\/v2\/types\/post"}],"author":[{"embeddable":true,"href":"https:\/\/blogs.correiobraziliense.com.br\/servidor\/wp-json\/wp\/v2\/users\/27"}],"replies":[{"embeddable":true,"href":"https:\/\/blogs.correiobraziliense.com.br\/servidor\/wp-json\/wp\/v2\/comments?post=14321"}],"version-history":[{"count":1,"href":"https:\/\/blogs.correiobraziliense.com.br\/servidor\/wp-json\/wp\/v2\/posts\/14321\/revisions"}],"predecessor-version":[{"id":14322,"href":"https:\/\/blogs.correiobraziliense.com.br\/servidor\/wp-json\/wp\/v2\/posts\/14321\/revisions\/14322"}],"wp:attachment":[{"href":"https:\/\/blogs.correiobraziliense.com.br\/servidor\/wp-json\/wp\/v2\/media?parent=14321"}],"wp:term":[{"taxonomy":"category","embeddable":true,"href":"https:\/\/blogs.correiobraziliense.com.br\/servidor\/wp-json\/wp\/v2\/categories?post=14321"},{"taxonomy":"post_tag","embeddable":true,"href":"https:\/\/blogs.correiobraziliense.com.br\/servidor\/wp-json\/wp\/v2\/tags?post=14321"}],"curies":[{"name":"wp","href":"https:\/\/api.w.org\/{rel}","templated":true}]}}