{"id":14316,"date":"2019-11-01T14:07:19","date_gmt":"2019-11-01T17:07:19","guid":{"rendered":"https:\/\/blogs.correiobraziliense.com.br\/servidor\/?p=14316"},"modified":"2019-11-01T14:07:19","modified_gmt":"2019-11-01T17:07:19","slug":"xx-encontro-dos-advogados-da-uniao-em-florianopolis","status":"publish","type":"post","link":"https:\/\/blogs.correiobraziliense.com.br\/servidor\/xx-encontro-dos-advogados-da-uniao-em-florianopolis\/","title":{"rendered":"XX Encontro dos Advogados da Uni\u00e3o, em Florian\u00f3polis"},"content":{"rendered":"<p><em>O evento, o mais importante da carreira, acontece no Cost\u00e3o do Santinho.\u00a0De 7 a 10 de novembro, a bela cidade de Florian\u00f3polis, Santa Catarina, vai receber a XX Edi\u00e7\u00e3o do Encontro Nacional dos Advogados da Uni\u00e3o (ENAU) . O evento, promovido pela Associa\u00e7\u00e3o Nacional dos Advogados da Uni\u00e3o (Anauni), acontece anualmente e \u00e9 relevante para\u00a0 capacita\u00e7\u00e3o e aperfei\u00e7oamento profissional das carreiras da Advocacia-Geral da Uni\u00e3o (AGU). S\u00e3o discutidas quest\u00f5es jur\u00eddicas de relevo<\/em><\/p>\n<p>Durante o encontro, que conta com a presen\u00e7a de juristas, palestrantes da \u00e1rea governamental e da iniciativa privada, acontece a XVI Edi\u00e7\u00e3o do Semin\u00e1rio Nacional sobre Advocacia de Estado, no qual o tema central deste ano \u00e9 o \u201cCombate \u00e0 Corrup\u00e7\u00e3o na Modernidade\u201d.<\/p>\n<p>Na programa\u00e7\u00e3o est\u00e3o confirmadas as participa\u00e7\u00f5es do Advogado-Geral da Uni\u00e3o, Andr\u00e9 Luiz de Almeida Mendon\u00e7a, que ministrar\u00e1 a palestra \u201cAtribui\u00e7\u00f5es da AGU no Combate \u00e0 Corrup\u00e7\u00e3o \u2013 Acordos de Leni\u00eancia e Efic\u00e1cia; do Dr. Nicol\u00e1s Rodr\u00edguez Garc\u00eda, Catedr\u00e1tico de Direito Processual da Universidade de Salamanca, que falar\u00e1 sobre \u201cCombatendo a Corrup\u00e7\u00e3o na Modernidade\u201d; e do Advogado da Uni\u00e3o Cl\u00e1udio Fontes, Coordenador do Labra\/AGU, que palestrar\u00e1 sobre \u201cCombate a Corrup\u00e7\u00e3o e Tecnologia\u201d.<\/p>\n<p><strong>Detalhe<\/strong>:<\/p>\n<p>O Enau tamb\u00e9m funciona como um grande f\u00f3rum de debates onde s\u00e3o definidos os rumos e as metas a serem alcan\u00e7adas pela Diretoria da Aanauni, mediante forma democr\u00e1tica e participativa entre seus associados.<\/p>\n<p><strong>Servi\u00e7o:<\/strong><br \/>\nXX Encontro Nacional dos Advogados da Uni\u00e3o &#8211; XVI Edi\u00e7\u00e3o do Semin\u00e1rio Nacional sobre Advocacia de Estado<br \/>\nData: 7 a 10 de Novembro de 2019<br \/>\nLocal: Cost\u00e3o do Santinho Resort &#8211; Florian\u00f3polis, Santa Catarina<br \/>\nMais informa\u00e7\u00f5es: http:\/\/anauni.org.br\/xxenau\/<\/p>\n<p><strong>Hist\u00f3rico<\/strong><\/p>\n<p>O primeiro Encontro Nacional dos Advogados da Uni\u00e3o foi na Capital Federal, no ano 2000. O segundo foi sediado na cidade do Rio de Janeiro, em 2001. Salvador, em 2002, foi a escolhida para o III Encontro e, em 2003, o Enau voltou a Bras\u00edlia. J\u00e1 no ano seguinte, Natal recebeu o V Enau. Na VI edi\u00e7\u00e3o, a cidade eleita foi Florian\u00f3polis. O VII aconteceu em 2006, na cidade de Recife. Foz do Igua\u00e7u abra\u00e7ou os Advogados da Uni\u00e3o na VIII edi\u00e7\u00e3o do Enau. A capital alagoana, Macei\u00f3, sediou a IX edi\u00e7\u00e3o do evento. Completando uma d\u00e9cada, a cidade de Bel\u00e9m no Par\u00e1 recepcionou o X Encontro. A XI edi\u00e7\u00e3o foi marcada por uma peculiaridade: pela primeira vez a edi\u00e7\u00e3o foi em duas cidades \u2013 Guaruj\u00e1 e a capital paulista S\u00e3o Paulo. A XII edi\u00e7\u00e3o ocorreu em Balne\u00e1rio Cambori\u00fa, em Santa Catarina. Em 2012, o Encontro voltou a Bras\u00edlia. J\u00e1 em 2013 a cidade a receber o evento foi a capital paraibana, Jo\u00e3o Pessoa. Para a edi\u00e7\u00e3o de 2014, foi escolhida a cidade de S\u00e3o Lu\u00eds, Maranh\u00e3o. A XVI edi\u00e7\u00e3o do encontro foi em Gramado, no Rio Grande do Sul. E, em 2016, Cabo de Santo Agostinho, em Pernambuco, foi a sede do XVII Encontro onde se celebrou os 20 anos da Associa\u00e7\u00e3o. A edi\u00e7\u00e3o de 2017 se deu na cidade de Fortaleza e, na \u00faltima, em 2018, voltamos a Bahia, na cidade de Cama\u00e7ari.<\/p>\n","protected":false},"excerpt":{"rendered":"<p>O evento, o mais importante da carreira, acontece no Cost\u00e3o do Santinho.\u00a0De 7 a 10 de novembro, a bela cidade de Florian\u00f3polis, Santa Catarina, vai receber a XX Edi\u00e7\u00e3o do Encontro Nacional dos Advogados da Uni\u00e3o (ENAU) . O evento, promovido pela Associa\u00e7\u00e3o Nacional dos Advogados da Uni\u00e3o (Anauni), acontece anualmente e \u00e9 relevante para\u00a0 capacita\u00e7\u00e3o e aperfei\u00e7oamento profissional das [&hellip;]<\/p>\n","protected":false},"author":27,"featured_media":0,"comment_status":"open","ping_status":"closed","sticky":false,"template":"","format":"standard","meta":{"footnotes":""},"categories":[2719],"tags":[186,4435,3866,55,2874,2777,9673,113,478,16365],"class_list":["post-14316","post","type-post","status-publish","format-standard","hentry","category-servidor","tag-anauni","tag-aperfeicoamento","tag-capacitacao","tag-carreiras","tag-encontro","tag-governamental","tag-iniciativa-privada","tag-juridicas","tag-profissional","tag-xx-encontro-dos-advogados-da-uniao"],"_links":{"self":[{"href":"https:\/\/blogs.correiobraziliense.com.br\/servidor\/wp-json\/wp\/v2\/posts\/14316","targetHints":{"allow":["GET"]}}],"collection":[{"href":"https:\/\/blogs.correiobraziliense.com.br\/servidor\/wp-json\/wp\/v2\/posts"}],"about":[{"href":"https:\/\/blogs.correiobraziliense.com.br\/servidor\/wp-json\/wp\/v2\/types\/post"}],"author":[{"embeddable":true,"href":"https:\/\/blogs.correiobraziliense.com.br\/servidor\/wp-json\/wp\/v2\/users\/27"}],"replies":[{"embeddable":true,"href":"https:\/\/blogs.correiobraziliense.com.br\/servidor\/wp-json\/wp\/v2\/comments?post=14316"}],"version-history":[{"count":1,"href":"https:\/\/blogs.correiobraziliense.com.br\/servidor\/wp-json\/wp\/v2\/posts\/14316\/revisions"}],"predecessor-version":[{"id":14317,"href":"https:\/\/blogs.correiobraziliense.com.br\/servidor\/wp-json\/wp\/v2\/posts\/14316\/revisions\/14317"}],"wp:attachment":[{"href":"https:\/\/blogs.correiobraziliense.com.br\/servidor\/wp-json\/wp\/v2\/media?parent=14316"}],"wp:term":[{"taxonomy":"category","embeddable":true,"href":"https:\/\/blogs.correiobraziliense.com.br\/servidor\/wp-json\/wp\/v2\/categories?post=14316"},{"taxonomy":"post_tag","embeddable":true,"href":"https:\/\/blogs.correiobraziliense.com.br\/servidor\/wp-json\/wp\/v2\/tags?post=14316"}],"curies":[{"name":"wp","href":"https:\/\/api.w.org\/{rel}","templated":true}]}}