{"id":14313,"date":"2019-11-01T13:55:59","date_gmt":"2019-11-01T16:55:59","guid":{"rendered":"https:\/\/blogs.correiobraziliense.com.br\/servidor\/?p=14313"},"modified":"2019-11-01T13:55:59","modified_gmt":"2019-11-01T16:55:59","slug":"escola-da-anpt-lanca-cursos-de-extensao","status":"publish","type":"post","link":"https:\/\/blogs.correiobraziliense.com.br\/servidor\/escola-da-anpt-lanca-cursos-de-extensao\/","title":{"rendered":"Escola da ANPT lan\u00e7a cursos de extens\u00e3o"},"content":{"rendered":"<p>O objetivo \u00e9 o aperfei\u00e7oamento cient\u00edfico e profissional no Direito e demais \u00e1reas do mundo do trabalho? A Escola da Associa\u00e7\u00e3o Nacional dos Procuradores do Trabalho (ANPT) oferece cursos livres de extens\u00e3o e de forma\u00e7\u00e3o profissional. O conte\u00fado alcan\u00e7a desde o estudante de Direito ao profissional da carreira jur\u00eddica, no aperfei\u00e7oamento do Direito do Trabalho, do b\u00e1sico ao avan\u00e7ado. A plataforma EAD da Escola j\u00e1 est\u00e1 no ar em www.escoladaanpt.org.br. Os cursos est\u00e3o dispon\u00edveis a partir de hoje, 1\u00ba de novembro de 2019,\u00a0 com promo\u00e7\u00f5es de lan\u00e7amento. Veja os perf\u00eds da EAD nas redes sociais.\u00a0 Instagram: https:\/\/bit.ly\/2qdlPTo Facebook: https:\/\/bit.ly\/2NtN18w Linkedin: https:\/\/bit.ly\/2qadosg<\/p>\n<p><img loading=\"lazy\" decoding=\"async\" class=\"size-full wp-image-14314 aligncenter\" src=\"https:\/\/blogs.correiobraziliense.com.br\/servidor\/wp-content\/uploads\/sites\/10\/2019\/11\/WhatsApp-Image-2019-11-01-at-12.30.30.jpeg\" alt=\"\" width=\"898\" height=\"900\" srcset=\"https:\/\/blogs.correiobraziliense.com.br\/servidor\/wp-content\/uploads\/sites\/10\/2019\/11\/WhatsApp-Image-2019-11-01-at-12.30.30.jpeg 898w, https:\/\/blogs.correiobraziliense.com.br\/servidor\/wp-content\/uploads\/sites\/10\/2019\/11\/WhatsApp-Image-2019-11-01-at-12.30.30-150x150.jpeg 150w, https:\/\/blogs.correiobraziliense.com.br\/servidor\/wp-content\/uploads\/sites\/10\/2019\/11\/WhatsApp-Image-2019-11-01-at-12.30.30-300x300.jpeg 300w, https:\/\/blogs.correiobraziliense.com.br\/servidor\/wp-content\/uploads\/sites\/10\/2019\/11\/WhatsApp-Image-2019-11-01-at-12.30.30-768x770.jpeg 768w, https:\/\/blogs.correiobraziliense.com.br\/servidor\/wp-content\/uploads\/sites\/10\/2019\/11\/WhatsApp-Image-2019-11-01-at-12.30.30-350x350.jpeg 350w, https:\/\/blogs.correiobraziliense.com.br\/servidor\/wp-content\/uploads\/sites\/10\/2019\/11\/WhatsApp-Image-2019-11-01-at-12.30.30-550x551.jpeg 550w, https:\/\/blogs.correiobraziliense.com.br\/servidor\/wp-content\/uploads\/sites\/10\/2019\/11\/WhatsApp-Image-2019-11-01-at-12.30.30-230x231.jpeg 230w\" sizes=\"auto, (max-width: 898px) 100vw, 898px\" \/><\/p>\n","protected":false},"excerpt":{"rendered":"<p>O objetivo \u00e9 o aperfei\u00e7oamento cient\u00edfico e profissional no Direito e demais \u00e1reas do mundo do trabalho? A Escola da Associa\u00e7\u00e3o Nacional dos Procuradores do Trabalho (ANPT) oferece cursos livres de extens\u00e3o e de forma\u00e7\u00e3o profissional. O conte\u00fado alcan\u00e7a desde o estudante de Direito ao profissional da carreira jur\u00eddica, no aperfei\u00e7oamento do Direito do Trabalho, do b\u00e1sico ao avan\u00e7ado. A [&hellip;]<\/p>\n","protected":false},"author":27,"featured_media":0,"comment_status":"open","ping_status":"closed","sticky":false,"template":"","format":"standard","meta":{"footnotes":""},"categories":[2719],"tags":[4218,4435,188,1450,116,11147,11034,4336,1163,12609,2890,478],"class_list":["post-14313","post","type-post","status-publish","format-standard","hentry","category-servidor","tag-anpt","tag-aperfeicoamento","tag-carreira","tag-cursos","tag-direito","tag-direito-do-trabalho","tag-ead","tag-escola","tag-estudantes","tag-extensao","tag-juridica","tag-profissional"],"_links":{"self":[{"href":"https:\/\/blogs.correiobraziliense.com.br\/servidor\/wp-json\/wp\/v2\/posts\/14313","targetHints":{"allow":["GET"]}}],"collection":[{"href":"https:\/\/blogs.correiobraziliense.com.br\/servidor\/wp-json\/wp\/v2\/posts"}],"about":[{"href":"https:\/\/blogs.correiobraziliense.com.br\/servidor\/wp-json\/wp\/v2\/types\/post"}],"author":[{"embeddable":true,"href":"https:\/\/blogs.correiobraziliense.com.br\/servidor\/wp-json\/wp\/v2\/users\/27"}],"replies":[{"embeddable":true,"href":"https:\/\/blogs.correiobraziliense.com.br\/servidor\/wp-json\/wp\/v2\/comments?post=14313"}],"version-history":[{"count":1,"href":"https:\/\/blogs.correiobraziliense.com.br\/servidor\/wp-json\/wp\/v2\/posts\/14313\/revisions"}],"predecessor-version":[{"id":14315,"href":"https:\/\/blogs.correiobraziliense.com.br\/servidor\/wp-json\/wp\/v2\/posts\/14313\/revisions\/14315"}],"wp:attachment":[{"href":"https:\/\/blogs.correiobraziliense.com.br\/servidor\/wp-json\/wp\/v2\/media?parent=14313"}],"wp:term":[{"taxonomy":"category","embeddable":true,"href":"https:\/\/blogs.correiobraziliense.com.br\/servidor\/wp-json\/wp\/v2\/categories?post=14313"},{"taxonomy":"post_tag","embeddable":true,"href":"https:\/\/blogs.correiobraziliense.com.br\/servidor\/wp-json\/wp\/v2\/tags?post=14313"}],"curies":[{"name":"wp","href":"https:\/\/api.w.org\/{rel}","templated":true}]}}