{"id":14305,"date":"2019-11-01T12:01:40","date_gmt":"2019-11-01T15:01:40","guid":{"rendered":"https:\/\/blogs.correiobraziliense.com.br\/servidor\/?p=14305"},"modified":"2019-11-01T12:01:40","modified_gmt":"2019-11-01T15:01:40","slug":"esocial-substitui-livro-de-registro-de-empregados","status":"publish","type":"post","link":"https:\/\/blogs.correiobraziliense.com.br\/servidor\/esocial-substitui-livro-de-registro-de-empregados\/","title":{"rendered":"eSocial substitui Livro de Registro de Empregados"},"content":{"rendered":"<p style=\"font-weight: 400\"><em>As anota\u00e7\u00f5es na carteira de trabalho e o registro eletr\u00f4nico de empregados v\u00e3o ficar mais f\u00e1ceis, de acordo com o Minist\u00e9rio da Economia. Portaria publicada na edi\u00e7\u00e3o desta sexta-feira (1\u00ba) do Di\u00e1rio Oficial da Uni\u00e3o (DOU) permite o registro por meio das informa\u00e7\u00f5es prestadas ao Sistema de Escritura\u00e7\u00e3o Digital das Obriga\u00e7\u00f5es Fiscais, Previdenci\u00e1rias e Trabalhistas (eSocial).<\/em><\/p>\n<p style=\"font-weight: 400\">Pela Portaria n\u00ba 1.195\u00a0<a href=\"http:\/\/www.in.gov.br\/web\/dou\/-\/portaria-n-1.195-de-30-de-outubro-de-2019-*-224956334\">http:\/\/www.in.gov.br\/web\/dou\/-\/portaria-n-1.195-de-30-de-outubro-de-2019-*-224956334<\/a>, de 30 de outubro de 2019, da Secretaria Especial de Previd\u00eancia e Trabalho, para substituir o livro de registro dos empregados pelo eSocial, os empregadores devem optar pelo registro eletr\u00f4nico dos trabalhadores. Os que n\u00e3o fizerem essa op\u00e7\u00e3o devem continuar com o registro em meio f\u00edsico. E, neste caso, v\u00e3o ter um ano para adequarem os documentos ao conte\u00fado previsto na regra.<\/p>\n<p style=\"font-weight: 400\">Dados presentes no eSocial tamb\u00e9m v\u00e3o abastecer a Carteira de Trabalho Digital. Dessa forma, o empregador que prestar as informa\u00e7\u00f5es para o registro de empregados no prazo correspondente n\u00e3o vai precisar fazer o mesmo trabalho para anotar na carteira. Para o trabalhador, todas as informa\u00e7\u00f5es estar\u00e3o dispon\u00edveis pelo aplicativo Carteira de Trabalho Digital.<\/p>\n<p style=\"font-weight: 400\">Al\u00e9m do livro de registros e da carteira de trabalho, as informa\u00e7\u00f5es prestadas ao Cadastro Geral de Empregados e Desempregados (Caged) e \u00e0 Rela\u00e7\u00e3o Anual de Informa\u00e7\u00f5es Sociais (Rais) tamb\u00e9m ser\u00e3o substitu\u00eddas pelo eSocial.<\/p>\n","protected":false},"excerpt":{"rendered":"<p>As anota\u00e7\u00f5es na carteira de trabalho e o registro eletr\u00f4nico de empregados v\u00e3o ficar mais f\u00e1ceis, de acordo com o Minist\u00e9rio da Economia. Portaria publicada na edi\u00e7\u00e3o desta sexta-feira (1\u00ba) do Di\u00e1rio Oficial da Uni\u00e3o (DOU) permite o registro por meio das informa\u00e7\u00f5es prestadas ao Sistema de Escritura\u00e7\u00e3o Digital das Obriga\u00e7\u00f5es Fiscais, Previdenci\u00e1rias e Trabalhistas (eSocial). Pela Portaria n\u00ba 1.195\u00a0http:\/\/www.in.gov.br\/web\/dou\/-\/portaria-n-1.195-de-30-de-outubro-de-2019-*-224956334, [&hellip;]<\/p>\n","protected":false},"author":27,"featured_media":0,"comment_status":"open","ping_status":"closed","sticky":false,"template":"","format":"standard","meta":{"footnotes":""},"categories":[2719],"tags":[16363,4246,760,1769,891,12908,16362,14327,4247,19],"class_list":["post-14305","post","type-post","status-publish","format-standard","hentry","category-servidor","tag-anotacoes","tag-caged","tag-documentos","tag-dou","tag-empregados","tag-esocial","tag-livro-de-registro-de-empregados","tag-ministerio-da-economia","tag-rais","tag-trabalhadores"],"_links":{"self":[{"href":"https:\/\/blogs.correiobraziliense.com.br\/servidor\/wp-json\/wp\/v2\/posts\/14305","targetHints":{"allow":["GET"]}}],"collection":[{"href":"https:\/\/blogs.correiobraziliense.com.br\/servidor\/wp-json\/wp\/v2\/posts"}],"about":[{"href":"https:\/\/blogs.correiobraziliense.com.br\/servidor\/wp-json\/wp\/v2\/types\/post"}],"author":[{"embeddable":true,"href":"https:\/\/blogs.correiobraziliense.com.br\/servidor\/wp-json\/wp\/v2\/users\/27"}],"replies":[{"embeddable":true,"href":"https:\/\/blogs.correiobraziliense.com.br\/servidor\/wp-json\/wp\/v2\/comments?post=14305"}],"version-history":[{"count":1,"href":"https:\/\/blogs.correiobraziliense.com.br\/servidor\/wp-json\/wp\/v2\/posts\/14305\/revisions"}],"predecessor-version":[{"id":14306,"href":"https:\/\/blogs.correiobraziliense.com.br\/servidor\/wp-json\/wp\/v2\/posts\/14305\/revisions\/14306"}],"wp:attachment":[{"href":"https:\/\/blogs.correiobraziliense.com.br\/servidor\/wp-json\/wp\/v2\/media?parent=14305"}],"wp:term":[{"taxonomy":"category","embeddable":true,"href":"https:\/\/blogs.correiobraziliense.com.br\/servidor\/wp-json\/wp\/v2\/categories?post=14305"},{"taxonomy":"post_tag","embeddable":true,"href":"https:\/\/blogs.correiobraziliense.com.br\/servidor\/wp-json\/wp\/v2\/tags?post=14305"}],"curies":[{"name":"wp","href":"https:\/\/api.w.org\/{rel}","templated":true}]}}