{"id":14303,"date":"2019-11-01T11:26:15","date_gmt":"2019-11-01T14:26:15","guid":{"rendered":"https:\/\/blogs.correiobraziliense.com.br\/servidor\/?p=14303"},"modified":"2019-11-01T11:26:15","modified_gmt":"2019-11-01T14:26:15","slug":"cvm-lanca-pagina-para-alertar-sobre-pessoas-e-instituicoes-impedidas-de-atuar-no-mercado","status":"publish","type":"post","link":"https:\/\/blogs.correiobraziliense.com.br\/servidor\/cvm-lanca-pagina-para-alertar-sobre-pessoas-e-instituicoes-impedidas-de-atuar-no-mercado\/","title":{"rendered":"CVM lan\u00e7a p\u00e1gina para alertar sobre pessoas e institui\u00e7\u00f5es impedidas de atuar no mercado"},"content":{"rendered":"<p style=\"text-align: left\" align=\"center\"><em>Objetivo \u00e9 ampliar e facilitar o acesso \u00e0 informa\u00e7\u00e3o ao p\u00fablico<\/em><u><\/u><u><\/u><\/p>\n<p>A Comiss\u00e3o de Valores Mobili\u00e1rios (CVM) lan\u00e7a hoje, 11 de novembro de 2019,<strong>\u00a0nova p\u00e1gina\u00a0<\/strong>em seu site.\u00a0O canal busca facilitar o acesso, por parte do p\u00fablico em geral, sobre pessoas naturais ou jur\u00eddicas que estejam, temporariamente, impedidas de atuarem no mercado de capitais.<u><\/u><u><\/u><\/p>\n<p>\u201cO objetivo \u00e9 permitir que o cidad\u00e3o tenha de forma f\u00e1cil, r\u00e1pida e compreens\u00edvel a lista de indiv\u00edduos e institui\u00e7\u00f5es que estejam impedidos de atuar no mercado por tempo determinado, seja por decis\u00e3o em julgamento, termo de compromisso ou stop order (delibera\u00e7\u00f5es da CVM que determinam a imediata suspens\u00e3o de atua\u00e7\u00f5es irregulares)\u201d, comentou Jos\u00e9 Paulo Diuana de Castro, chefe da Coordena\u00e7\u00e3o de Controle de Processos Administrativos (CCP\/SPS).<u><\/u><u><\/u><\/p>\n<p>Ainda de acordo com o chefe da CCP\/SPS, al\u00e9m da dos tr\u00eas tipos de afastamentos em um \u00fanico canal, a p\u00e1gina tamb\u00e9m permite acessar a Decis\u00e3o do Colegiado que originou o impedimento, quando for o caso: extrato de sess\u00e3o de julgamento ou decis\u00f5es tomadas em Reuni\u00f5es do Colegiado.<u><\/u><u><\/u><\/p>\n<p>Esta a\u00e7\u00e3o \u00e9 mais um avan\u00e7o da CVM em prol da divulga\u00e7\u00e3o r\u00e1pida, acess\u00edvel, transparente e direta ao p\u00fablico em geral, informa a autarquia. O acesso \u00e0 informa\u00e7\u00e3o adequada \u00e9 um dos mandatos legais da CVM, bem como um dos valores da institui\u00e7\u00e3o, a fim de que o cidad\u00e3o tenha os dados necess\u00e1rios para tomadas de decis\u00e3o mais conscientes e seguras no mercado de capitais.<u><\/u><u><\/u><\/p>\n<p>Outras iniciativas recentes envolvendo processos da CVM est\u00e3o dispon\u00edveis na\u00a0<a href=\"http:\/\/www.cvm.gov.br\/menu\/atendimento\/sei.html\" target=\"_blank\" rel=\"noopener\"><strong>p\u00e1gina Processo Eletr\u00f4nico<\/strong><\/a>\u00a0(canal \u00fanico de acesso a ferramentas e servi\u00e7os relacionados aos processos eletr\u00f4nicos da CVM); vistas em processos sancionadores 100% eletr\u00f4nicas;\u00a0<strong><a href=\"http:\/\/www.cvm.gov.br\/decisoes\/pesquisa\/pesquisa.html\" target=\"_blank\" rel=\"noopener\">pesquisa avan\u00e7ada de Jurisprud\u00eancia da CVM<\/a><\/strong>.<u><\/u><u><\/u><\/p>\n<p><a href=\"http:\/\/www.cvm.gov.br\/menu\/afastamentos\/index.html\" target=\"_blank\" rel=\"noopener\"><strong>Acesse a nova p\u00e1gina!\u00a0<\/strong><\/a><\/p>\n","protected":false},"excerpt":{"rendered":"<p>Objetivo \u00e9 ampliar e facilitar o acesso \u00e0 informa\u00e7\u00e3o ao p\u00fablico A Comiss\u00e3o de Valores Mobili\u00e1rios (CVM) lan\u00e7a hoje, 11 de novembro de 2019,\u00a0nova p\u00e1gina\u00a0em seu site.\u00a0O canal busca facilitar o acesso, por parte do p\u00fablico em geral, sobre pessoas naturais ou jur\u00eddicas que estejam, temporariamente, impedidas de atuarem no mercado de capitais. \u201cO objetivo \u00e9 permitir que o cidad\u00e3o [&hellip;]<\/p>\n","protected":false},"author":27,"featured_media":0,"comment_status":"open","ping_status":"closed","sticky":false,"template":"","format":"standard","meta":{"footnotes":""},"categories":[2719],"tags":[350,558,3331,16361,215,5093,1416,3717,489,3199,5503,562,241],"class_list":["post-14303","post","type-post","status-publish","format-standard","hentry","category-servidor","tag-alertar","tag-canal","tag-capitais","tag-ccp-sps","tag-cvm","tag-eletronicos","tag-instituicoes","tag-jurisprudencia","tag-mercado","tag-pagina","tag-pessoas","tag-processos","tag-publico"],"_links":{"self":[{"href":"https:\/\/blogs.correiobraziliense.com.br\/servidor\/wp-json\/wp\/v2\/posts\/14303","targetHints":{"allow":["GET"]}}],"collection":[{"href":"https:\/\/blogs.correiobraziliense.com.br\/servidor\/wp-json\/wp\/v2\/posts"}],"about":[{"href":"https:\/\/blogs.correiobraziliense.com.br\/servidor\/wp-json\/wp\/v2\/types\/post"}],"author":[{"embeddable":true,"href":"https:\/\/blogs.correiobraziliense.com.br\/servidor\/wp-json\/wp\/v2\/users\/27"}],"replies":[{"embeddable":true,"href":"https:\/\/blogs.correiobraziliense.com.br\/servidor\/wp-json\/wp\/v2\/comments?post=14303"}],"version-history":[{"count":1,"href":"https:\/\/blogs.correiobraziliense.com.br\/servidor\/wp-json\/wp\/v2\/posts\/14303\/revisions"}],"predecessor-version":[{"id":14304,"href":"https:\/\/blogs.correiobraziliense.com.br\/servidor\/wp-json\/wp\/v2\/posts\/14303\/revisions\/14304"}],"wp:attachment":[{"href":"https:\/\/blogs.correiobraziliense.com.br\/servidor\/wp-json\/wp\/v2\/media?parent=14303"}],"wp:term":[{"taxonomy":"category","embeddable":true,"href":"https:\/\/blogs.correiobraziliense.com.br\/servidor\/wp-json\/wp\/v2\/categories?post=14303"},{"taxonomy":"post_tag","embeddable":true,"href":"https:\/\/blogs.correiobraziliense.com.br\/servidor\/wp-json\/wp\/v2\/tags?post=14303"}],"curies":[{"name":"wp","href":"https:\/\/api.w.org\/{rel}","templated":true}]}}