{"id":1428,"date":"2016-04-01T11:40:04","date_gmt":"2016-04-01T14:40:04","guid":{"rendered":"https:\/\/blogs.correiobraziliense.com.br\/servidor\/?p=1428"},"modified":"2016-04-01T11:40:04","modified_gmt":"2016-04-01T14:40:04","slug":"petrobras-lanca-novo-programa-de-incentivo-ao-desligamento-voluntario","status":"publish","type":"post","link":"https:\/\/blogs.correiobraziliense.com.br\/servidor\/petrobras-lanca-novo-programa-de-incentivo-ao-desligamento-voluntario\/","title":{"rendered":"PETROBRAS LAN\u00c7A NOVO PROGRAMA DE INCENTIVO AO DESLIGAMENTO VOLUNT\u00c1RIO"},"content":{"rendered":"<p><span style=\"font-family: Arial;font-size: small\"><i>Companhia prev\u00ea economia de R$ 33 bilh\u00f5es at\u00e9 2020. P<span style=\"font-family: Arial;font-size: small\">er\u00edodo de inscri\u00e7\u00f5es vai de 11 de abril a 31 de agosto de 2016<\/span><br \/>\n<\/i><\/span><\/p>\n<p><span style=\"font-family: Arial;font-size: small\">A Petrobras informou que lan\u00e7ou um novo Programa de Incentivo ao Desligamento Volunt\u00e1rio (PIDV), aberto a todos os seus empregados, independentemente de idade e tempo de empresa. O objetivo \u00e9 adequar a for\u00e7a de trabalho \u00e0s necessidades do Plano de Neg\u00f3cios e Gest\u00e3o, para otimizar a produtividade e reduzir custos com foco no alcance das metas do Plano, destacou a estatal. <\/span><\/p>\n<p><span style=\"font-family: Arial;font-size: small\">&#8220;O PIDV 2016 foi desenvolvido com base nas premissas de preserva\u00e7\u00e3o do efetivo necess\u00e1rio \u00e0 continuidade operacional da companhia e ajuste de pessoal em todas as \u00e1reas. O programa \u00e9 v\u00e1lido para a Petrobras controladora, que hoje conta com 57.046 empregados&#8221;, diz a nota.<\/span><\/p>\n<p><span style=\"font-family: Arial;font-size: small\">Atualmente a companhia tem cerca de 12 mil empregados com condi\u00e7\u00f5es de se aposentar. Considerando essa estimativa de ades\u00e3o, o custo previsto para a implanta\u00e7\u00e3o do programa \u00e9 de R$ 4,4 bilh\u00f5es, e a economia esperada \u00e9 de R$ 33 bilh\u00f5es at\u00e9 2020. O per\u00edodo de inscri\u00e7\u00f5es vai de 11 de abril a 31 de agosto de 2016.\u00a0 <\/span><\/p>\n<p><span style=\"font-family: Arial;font-size: small\">A primeira edi\u00e7\u00e3o do PIDV foi lan\u00e7ada em janeiro de 2014 e j\u00e1 teve 6.254 desligamentos. Outros 1.055 empregados inscritos no PIDV 2014 t\u00eam previs\u00e3o de sa\u00edda at\u00e9 maio de 2017. <\/span><\/p>\n","protected":false},"excerpt":{"rendered":"<p>Companhia prev\u00ea economia de R$ 33 bilh\u00f5es at\u00e9 2020. Per\u00edodo de inscri\u00e7\u00f5es vai de 11 de abril a 31 de agosto de 2016 A Petrobras informou que lan\u00e7ou um novo Programa de Incentivo ao Desligamento Volunt\u00e1rio (PIDV), aberto a todos os seus empregados, independentemente de idade e tempo de empresa. O objetivo \u00e9 adequar a for\u00e7a de trabalho \u00e0s necessidades [&hellip;]<\/p>\n","protected":false},"author":27,"featured_media":0,"comment_status":"open","ping_status":"closed","sticky":false,"template":"","format":"standard","meta":{"footnotes":""},"categories":[1],"tags":[1598,88,1597,781,1228,924,201,1136,1596,1599],"class_list":["post-1428","post","type-post","status-publish","format-standard","hentry","category-sem-categoria","tag-desligamento","tag-economia","tag-incentivo","tag-inscricoes","tag-lanca","tag-novo","tag-petrobras","tag-produtividade","tag-programa","tag-voluntario"],"_links":{"self":[{"href":"https:\/\/blogs.correiobraziliense.com.br\/servidor\/wp-json\/wp\/v2\/posts\/1428","targetHints":{"allow":["GET"]}}],"collection":[{"href":"https:\/\/blogs.correiobraziliense.com.br\/servidor\/wp-json\/wp\/v2\/posts"}],"about":[{"href":"https:\/\/blogs.correiobraziliense.com.br\/servidor\/wp-json\/wp\/v2\/types\/post"}],"author":[{"embeddable":true,"href":"https:\/\/blogs.correiobraziliense.com.br\/servidor\/wp-json\/wp\/v2\/users\/27"}],"replies":[{"embeddable":true,"href":"https:\/\/blogs.correiobraziliense.com.br\/servidor\/wp-json\/wp\/v2\/comments?post=1428"}],"version-history":[{"count":1,"href":"https:\/\/blogs.correiobraziliense.com.br\/servidor\/wp-json\/wp\/v2\/posts\/1428\/revisions"}],"predecessor-version":[{"id":1429,"href":"https:\/\/blogs.correiobraziliense.com.br\/servidor\/wp-json\/wp\/v2\/posts\/1428\/revisions\/1429"}],"wp:attachment":[{"href":"https:\/\/blogs.correiobraziliense.com.br\/servidor\/wp-json\/wp\/v2\/media?parent=1428"}],"wp:term":[{"taxonomy":"category","embeddable":true,"href":"https:\/\/blogs.correiobraziliense.com.br\/servidor\/wp-json\/wp\/v2\/categories?post=1428"},{"taxonomy":"post_tag","embeddable":true,"href":"https:\/\/blogs.correiobraziliense.com.br\/servidor\/wp-json\/wp\/v2\/tags?post=1428"}],"curies":[{"name":"wp","href":"https:\/\/api.w.org\/{rel}","templated":true}]}}