{"id":14278,"date":"2019-10-30T19:14:30","date_gmt":"2019-10-30T22:14:30","guid":{"rendered":"https:\/\/blogs.correiobraziliense.com.br\/servidor\/?p=14278"},"modified":"2019-10-30T19:14:30","modified_gmt":"2019-10-30T22:14:30","slug":"fonacate-recebe-embaixada-dos-eua-para-expor-contraponto-a-reforma-administrativa","status":"publish","type":"post","link":"https:\/\/blogs.correiobraziliense.com.br\/servidor\/fonacate-recebe-embaixada-dos-eua-para-expor-contraponto-a-reforma-administrativa\/","title":{"rendered":"Fonacate recebe Embaixada dos EUA para expor contraponto \u00e0 reforma administrativa"},"content":{"rendered":"<p><em>Hoje \u00e0 tarde, a diretoria do F\u00f3rum Nacional das Carreiras de Estado (Fonacate) recebeu a Embaixada dos Estados Unidos, representada por Frank DeParis, diplomata respons\u00e1vel pelos temas da macroeconomia. Ele queria entender melhor as cr\u00edticas do F\u00f3rum \u00e0 reforma administrativa anunciada pelo governo federal, em especial ao relat\u00f3rio do Banco Mundial divulgado no in\u00edcio do m\u00eas<\/em><\/p>\n<p>Rudinei Marques, presidente do Fonacate, acompanhado do secret\u00e1rio-geral e presidente da Anafe, Marcelino Rodrigues; do vice-presidente do F\u00f3rum e presidente do Sinal, Paulo Lino; do presidente da Afipea, Jos\u00e9 Celso Pereira; e do secret\u00e1rio-executivo do Unacon Sindical, Br\u00e1ulio Cerqueira, os \u00faltimos dois organizadores da obra \u201cReforma Administrativa do Governo Federal \u2013 Contornos, Mitos e Alternativas\u201d, trataram de temas como a crise pol\u00edtica no Brasil e as reformas da Previd\u00eancia e Administrativa.<\/p>\n<p>Os dirigentes sindicais comentaram a import\u00e2ncia da estabilidade para o servi\u00e7o p\u00fablico brasileiro, como forma de evitar inger\u00eancia pol\u00edtica em \u00f3rg\u00e3os e institui\u00e7\u00f5es de Estado, bem como para garantir a continuidade das pol\u00edticas p\u00fablicas. Falaram da import\u00e2ncia do instituto do concurso p\u00fablico, os n\u00edveis salariais nos tr\u00eas Poderes e as alternativas de aperfei\u00e7oamento da avalia\u00e7\u00e3o de desempenho e de melhorias para a efici\u00eancia dos servi\u00e7os p\u00fablicos.<\/p>\n<p>O diplomata Frank DeParis agradeceu as explica\u00e7\u00f5es do F\u00f3rum e solicitou a continua\u00e7\u00e3o do debate assim que o governo divulgar a Proposta de Emenda \u00e0 Constitui\u00e7\u00e3o (PEC) que vai tratar da reforma administrativa.<\/p>\n","protected":false},"excerpt":{"rendered":"<p>Hoje \u00e0 tarde, a diretoria do F\u00f3rum Nacional das Carreiras de Estado (Fonacate) recebeu a Embaixada dos Estados Unidos, representada por Frank DeParis, diplomata respons\u00e1vel pelos temas da macroeconomia. Ele queria entender melhor as cr\u00edticas do F\u00f3rum \u00e0 reforma administrativa anunciada pelo governo federal, em especial ao relat\u00f3rio do Banco Mundial divulgado no in\u00edcio do m\u00eas Rudinei Marques, presidente do [&hellip;]<\/p>\n","protected":false},"author":27,"featured_media":0,"comment_status":"open","ping_status":"closed","sticky":false,"template":"","format":"standard","meta":{"footnotes":""},"categories":[2719],"tags":[863,4554,93,2303,179,1033,4940,620,6404,4038,82,1522,15938,4031],"class_list":["post-14278","post","type-post","status-publish","format-standard","hentry","category-servidor","tag-avaliacao","tag-banco-mundial","tag-concurso","tag-desempenho","tag-diplomata","tag-eficiencia","tag-embaixada","tag-estabilidade","tag-estados-unidos","tag-eua","tag-fonacate","tag-governo-federal","tag-reforma-administrativa","tag-relatorio"],"_links":{"self":[{"href":"https:\/\/blogs.correiobraziliense.com.br\/servidor\/wp-json\/wp\/v2\/posts\/14278","targetHints":{"allow":["GET"]}}],"collection":[{"href":"https:\/\/blogs.correiobraziliense.com.br\/servidor\/wp-json\/wp\/v2\/posts"}],"about":[{"href":"https:\/\/blogs.correiobraziliense.com.br\/servidor\/wp-json\/wp\/v2\/types\/post"}],"author":[{"embeddable":true,"href":"https:\/\/blogs.correiobraziliense.com.br\/servidor\/wp-json\/wp\/v2\/users\/27"}],"replies":[{"embeddable":true,"href":"https:\/\/blogs.correiobraziliense.com.br\/servidor\/wp-json\/wp\/v2\/comments?post=14278"}],"version-history":[{"count":1,"href":"https:\/\/blogs.correiobraziliense.com.br\/servidor\/wp-json\/wp\/v2\/posts\/14278\/revisions"}],"predecessor-version":[{"id":14279,"href":"https:\/\/blogs.correiobraziliense.com.br\/servidor\/wp-json\/wp\/v2\/posts\/14278\/revisions\/14279"}],"wp:attachment":[{"href":"https:\/\/blogs.correiobraziliense.com.br\/servidor\/wp-json\/wp\/v2\/media?parent=14278"}],"wp:term":[{"taxonomy":"category","embeddable":true,"href":"https:\/\/blogs.correiobraziliense.com.br\/servidor\/wp-json\/wp\/v2\/categories?post=14278"},{"taxonomy":"post_tag","embeddable":true,"href":"https:\/\/blogs.correiobraziliense.com.br\/servidor\/wp-json\/wp\/v2\/tags?post=14278"}],"curies":[{"name":"wp","href":"https:\/\/api.w.org\/{rel}","templated":true}]}}