{"id":14274,"date":"2019-10-30T15:01:50","date_gmt":"2019-10-30T18:01:50","guid":{"rendered":"https:\/\/blogs.correiobraziliense.com.br\/servidor\/?p=14274"},"modified":"2019-10-30T15:01:50","modified_gmt":"2019-10-30T18:01:50","slug":"cnasi-debates-regionais-sobre-a-valorizacao-do-servico-publico-e-reforma-administrativa","status":"publish","type":"post","link":"https:\/\/blogs.correiobraziliense.com.br\/servidor\/cnasi-debates-regionais-sobre-a-valorizacao-do-servico-publico-e-reforma-administrativa\/","title":{"rendered":"Cnasi &#8211; Debates regionais sobre a valoriza\u00e7\u00e3o do servi\u00e7o p\u00fablico e reforma administrativa"},"content":{"rendered":"<p><em>A Cnasi Associa\u00e7\u00e3o Nacional organiza em todo o pa\u00eds uma s\u00e9rie de debates regionais, direcionados \u00e0 valoriza\u00e7\u00e3o do servido p\u00fablico do Brasil e mobiliza\u00e7\u00e3o contra a reforma administrativa anunciada pelo atual governo<\/em><\/p>\n<p>De acordo com o documento divulgado pela entidade, o objetivo dos eventos \u00e9 &#8220;apresenta\u00e7\u00e3o de projetos, propostas, ideias, bem como debate das mesmas pelos expositores e participantes sobre as dificuldades cotidianas e cr\u00f4nicas enfrentadas pelo servi\u00e7o p\u00fablico do Brasil, bem como as poss\u00edveis solu\u00e7\u00f5es para o momento atual e sua proje\u00e7\u00e3o futura, para os pr\u00f3ximos anos&#8221;.<\/p>\n<p>Os eventos s\u00e3o realizados em parceria com as associa\u00e7\u00f5es de servidores do Incra e se\u00e7\u00f5es associativas da entidade, bem como sindicatos dos servidores federais nos estados e outras entidades representativas de funcion\u00e1rios p\u00fablicos e trabalhadores diversos.<\/p>\n<p>H\u00e1 dois documentos base dos eventos, sendo que um est\u00e1 direcionado a todos os servidores federais &#8211; com conte\u00fados e pautas de reivindica\u00e7\u00f5es hist\u00f3ricas e atuais dos trabalhadores do servi\u00e7o p\u00fablico, constru\u00eddos e divulgados pelo F\u00f3rum das Entidades Nacionais dos Servidores P\u00fablicos Federais (Fonasefe) -, enquanto que o outro \u00e9 espec\u00edfico do Incra e foi confeccionado em mar\u00e7o de 2019, durante a Assembleia Nacional da Cnasi-AN, reunindo as principais decis\u00f5es da categoria que podem ser resumidas em tr\u00eas grandes eixos (reestrutura\u00e7\u00e3o de carreira; sa\u00fade dos trabalhadores; or\u00e7amento e gest\u00e3o).<\/p>\n<p>Todos os debates ter\u00e3o participa\u00e7\u00e3o de representante da diretoria da Cnasi-Associa\u00e7\u00e3o Nacional e ser\u00e3o uma oportunidade de interagir com a base de servidores, influenciando na mobiliza\u00e7\u00e3o da categoria, bem como no fortalecimento de associa\u00e7\u00f5es. &#8220;\u00c9 de conhecimento geral que algumas associa\u00e7\u00f5es ficaram no ostracismo por diversas raz\u00f5es, entre as quais a falta de interesse de seus associados em participar da gest\u00e3o e o baixo n\u00edvel de envolvimento dos servidores da autarquia nas discuss\u00f5es acerca de diversos temas afetos \u00e0 retirada de direitos, campanhas salariais, gratifica\u00e7\u00e3o de desempenho, ass\u00e9dio moral, gest\u00e3o p\u00fablica, etc.&#8221;, afirma a entidade.<\/p>\n","protected":false},"excerpt":{"rendered":"<p>A Cnasi Associa\u00e7\u00e3o Nacional organiza em todo o pa\u00eds uma s\u00e9rie de debates regionais, direcionados \u00e0 valoriza\u00e7\u00e3o do servido p\u00fablico do Brasil e mobiliza\u00e7\u00e3o contra a reforma administrativa anunciada pelo atual governo De acordo com o documento divulgado pela entidade, o objetivo dos eventos \u00e9 &#8220;apresenta\u00e7\u00e3o de projetos, propostas, ideias, bem como debate das mesmas pelos expositores e participantes sobre [&hellip;]<\/p>\n","protected":false},"author":27,"featured_media":0,"comment_status":"open","ping_status":"closed","sticky":false,"template":"","format":"standard","meta":{"footnotes":""},"categories":[2719],"tags":[2868,5071,760,481,1300,922,15938,3214,575,524],"class_list":["post-14274","post","type-post","status-publish","format-standard","hentry","category-servidor","tag-cnasi","tag-debates","tag-documentos","tag-mobilizacao","tag-projetos","tag-propostas","tag-reforma-administrativa","tag-regionais","tag-servico-publico","tag-valorizacao"],"_links":{"self":[{"href":"https:\/\/blogs.correiobraziliense.com.br\/servidor\/wp-json\/wp\/v2\/posts\/14274","targetHints":{"allow":["GET"]}}],"collection":[{"href":"https:\/\/blogs.correiobraziliense.com.br\/servidor\/wp-json\/wp\/v2\/posts"}],"about":[{"href":"https:\/\/blogs.correiobraziliense.com.br\/servidor\/wp-json\/wp\/v2\/types\/post"}],"author":[{"embeddable":true,"href":"https:\/\/blogs.correiobraziliense.com.br\/servidor\/wp-json\/wp\/v2\/users\/27"}],"replies":[{"embeddable":true,"href":"https:\/\/blogs.correiobraziliense.com.br\/servidor\/wp-json\/wp\/v2\/comments?post=14274"}],"version-history":[{"count":1,"href":"https:\/\/blogs.correiobraziliense.com.br\/servidor\/wp-json\/wp\/v2\/posts\/14274\/revisions"}],"predecessor-version":[{"id":14275,"href":"https:\/\/blogs.correiobraziliense.com.br\/servidor\/wp-json\/wp\/v2\/posts\/14274\/revisions\/14275"}],"wp:attachment":[{"href":"https:\/\/blogs.correiobraziliense.com.br\/servidor\/wp-json\/wp\/v2\/media?parent=14274"}],"wp:term":[{"taxonomy":"category","embeddable":true,"href":"https:\/\/blogs.correiobraziliense.com.br\/servidor\/wp-json\/wp\/v2\/categories?post=14274"},{"taxonomy":"post_tag","embeddable":true,"href":"https:\/\/blogs.correiobraziliense.com.br\/servidor\/wp-json\/wp\/v2\/tags?post=14274"}],"curies":[{"name":"wp","href":"https:\/\/api.w.org\/{rel}","templated":true}]}}