{"id":14267,"date":"2019-10-29T18:38:23","date_gmt":"2019-10-29T21:38:23","guid":{"rendered":"https:\/\/blogs.correiobraziliense.com.br\/servidor\/?p=14267"},"modified":"2019-10-29T18:38:23","modified_gmt":"2019-10-29T21:38:23","slug":"tcu-apresenta-radiografia-da-saude-no-pais","status":"publish","type":"post","link":"https:\/\/blogs.correiobraziliense.com.br\/servidor\/tcu-apresenta-radiografia-da-saude-no-pais\/","title":{"rendered":"TCU apresenta radiografia da sa\u00fade no pa\u00eds"},"content":{"rendered":"<p><em>O Relat\u00f3rio Sist\u00eamico de Fiscaliza\u00e7\u00e3o da Sa\u00fade (FiscSa\u00fade), aprovado na \u00faltima sess\u00e3o do TCU, traz dados or\u00e7ament\u00e1rios e apresenta a situa\u00e7\u00e3o do setor a partir de indicadores<\/em><\/p>\n<p>A Sa\u00fade representa o terceiro maior conjunto de despesas do Or\u00e7amento da Uni\u00e3o. Em 2018, foram autorizados gastos de R$ 120,36 bilh\u00f5es para o financiamento do Sistema \u00danico de Sa\u00fade, 85,78% foram executados.<\/p>\n<p>O documento analisa dados relacionados \u00e0 mortalidade materna, infantil e prematura; ferimentos globais por acidentes nas estradas; incid\u00eancia de Aids, tuberculose e doen\u00e7as negligenciadas; e preval\u00eancia de drogas entorpecentes, de bebidas alco\u00f3licas e de tabaco.<\/p>\n<p>O FiscSa\u00fade \u00e9 realizado a cada dois anos. Os dados consolidados s\u00e3o enviados ao Congresso Nacional e aos \u00f3rg\u00e3os do Poder Executivo com o objetivo de colaborar com as pol\u00edticas do setor.<\/p>\n<p>\u00d8 Processo: 040.771\/2018-0<br \/>\n\u00d8 Ac\u00f3rd\u00e3o: 2562\/2019<br \/>\n\u00d8 Relator: ministro Augusto Nardes<\/p>\n","protected":false},"excerpt":{"rendered":"<p>O Relat\u00f3rio Sist\u00eamico de Fiscaliza\u00e7\u00e3o da Sa\u00fade (FiscSa\u00fade), aprovado na \u00faltima sess\u00e3o do TCU, traz dados or\u00e7ament\u00e1rios e apresenta a situa\u00e7\u00e3o do setor a partir de indicadores A Sa\u00fade representa o terceiro maior conjunto de despesas do Or\u00e7amento da Uni\u00e3o. Em 2018, foram autorizados gastos de R$ 120,36 bilh\u00f5es para o financiamento do Sistema \u00danico de Sa\u00fade, 85,78% foram executados. [&hellip;]<\/p>\n","protected":false},"author":27,"featured_media":0,"comment_status":"open","ping_status":"closed","sticky":false,"template":"","format":"standard","meta":{"footnotes":""},"categories":[2719],"tags":[693,3362,16339,318,1413,706,16338,616,2000,635],"class_list":["post-14267","post","type-post","status-publish","format-standard","hentry","category-servidor","tag-congresso-nacional","tag-financiamento","tag-fiscsaude","tag-orcamento","tag-poder-executivo","tag-politicas","tag-radiografia","tag-saude","tag-sus","tag-tcu"],"_links":{"self":[{"href":"https:\/\/blogs.correiobraziliense.com.br\/servidor\/wp-json\/wp\/v2\/posts\/14267","targetHints":{"allow":["GET"]}}],"collection":[{"href":"https:\/\/blogs.correiobraziliense.com.br\/servidor\/wp-json\/wp\/v2\/posts"}],"about":[{"href":"https:\/\/blogs.correiobraziliense.com.br\/servidor\/wp-json\/wp\/v2\/types\/post"}],"author":[{"embeddable":true,"href":"https:\/\/blogs.correiobraziliense.com.br\/servidor\/wp-json\/wp\/v2\/users\/27"}],"replies":[{"embeddable":true,"href":"https:\/\/blogs.correiobraziliense.com.br\/servidor\/wp-json\/wp\/v2\/comments?post=14267"}],"version-history":[{"count":1,"href":"https:\/\/blogs.correiobraziliense.com.br\/servidor\/wp-json\/wp\/v2\/posts\/14267\/revisions"}],"predecessor-version":[{"id":14268,"href":"https:\/\/blogs.correiobraziliense.com.br\/servidor\/wp-json\/wp\/v2\/posts\/14267\/revisions\/14268"}],"wp:attachment":[{"href":"https:\/\/blogs.correiobraziliense.com.br\/servidor\/wp-json\/wp\/v2\/media?parent=14267"}],"wp:term":[{"taxonomy":"category","embeddable":true,"href":"https:\/\/blogs.correiobraziliense.com.br\/servidor\/wp-json\/wp\/v2\/categories?post=14267"},{"taxonomy":"post_tag","embeddable":true,"href":"https:\/\/blogs.correiobraziliense.com.br\/servidor\/wp-json\/wp\/v2\/tags?post=14267"}],"curies":[{"name":"wp","href":"https:\/\/api.w.org\/{rel}","templated":true}]}}